{"id":145445,"date":"2022-04-13T14:11:15","date_gmt":"2022-04-13T18:11:15","guid":{"rendered":"https:\/\/linitiative.ca\/International\/filiere-porcine-le-cameroun-recherche-360-nouveaux-porcs-geniteurs-pour-booster-son-capital-genetique\/"},"modified":"2022-04-13T14:11:15","modified_gmt":"2022-04-13T18:11:15","slug":"filiere-porcine-le-cameroun-recherche-360-nouveaux-porcs-geniteurs-pour-booster-son-capital-genetique","status":"publish","type":"post","link":"https:\/\/linitiative.ca\/International\/filiere-porcine-le-cameroun-recherche-360-nouveaux-porcs-geniteurs-pour-booster-son-capital-genetique\/","title":{"rendered":"Fili\u00e8re porcine : le Cameroun recherche 360 nouveaux porcs g\u00e9niteurs pour booster son capital g\u00e9n\u00e9tique"},"content":{"rendered":"<div>\n<p>Le Cameroun a \u00e9t\u00e9 travers\u00e9 au 3<sup>e<\/sup>\u00a0trimestre 2021 par une \u00e9pizootie de la Peste porcine africaine (Ppa), qui a d\u00e9cim\u00e9 pr\u00e8s de 22,5% de son cheptel porcin, alors que celui-ci est vieillissant et que son processus de rajeunissement est en marche depuis 2014. Le gouvernement est engag\u00e9 dans ce processus, soutenu par quelques bailleurs de fonds \u00e9trangers, qui financent des programmes dont le but est de renforcer le renouvellement du capital g\u00e9n\u00e9tique du cheptel porcin au Cameroun. Le minist\u00e8re de l\u2019Elevage, des P\u00eaches et des industries animales annonce d\u2019ailleurs l\u2019importation dans les jours \u00e0 venir d\u2019une nouvelle cargaison de 300 porcs g\u00e9niteurs, apr\u00e8s celles import\u00e9s en 2014 et en f\u00e9vrier 2022. Invit\u00e9 de l\u2019\u00e9mission \u00ab\u00a0Pr\u00e9sidence Actu\u00a0\u00bb diffus\u00e9e lundi dernier sur la Cameroon Radio Television (Crtv), le patron de ce d\u00e9partement minist\u00e9riel, le Dr Ta\u00efga, l\u2019a annonc\u00e9\u00a0: \u00ab\u00a0On est dans une phase o\u00f9 il y a d\u00e9j\u00e0 une productivit\u00e9 faible due \u00e0 la consanguinit\u00e9, et il faut renouveler la g\u00e9n\u00e9tique. C\u2019est le r\u00f4le de l\u2019Etat. Le projet de d\u00e9veloppement des chaines de valeur de l\u2019\u00e9levage et de la pisciculture (Pdcvep) permettra d\u2019importer dans les prochains mois au moins 300 porcelets g\u00e9niteurs. \u00c7a donnera un capital g\u00e9n\u00e9tique \u00e0 diffuser \u00e0 travers les produits qui naitront\u00a0\u00bb.<\/p>\n<p><strong>Lire aussi : <a href=\"https:\/\/ecomatin.net\/filiere-porcine-vers-la-levee-des-mesures-de-restriction-a-louest\/\">Fili\u00e8re porcine : vers la lev\u00e9e des mesures de restriction \u00e0 l\u2019Ouest<\/a><\/strong><\/p>\n<p>Cette annonce du ministre est corrobor\u00e9e par un avis d\u2019appel d\u2019offres lanc\u00e9 par le Pdcvep dans le quotidien \u00ab\u00a0Cameroon Tribune\u00a0\u00bb du mercredi 13 avril 2022. Le Pdcvep recherche en effet 360 porcs g\u00e9niteurs, dont la fourniture se fera en trois lots, pour une enveloppe globale de 5,5 millions de FCFA. Cette nouvelle op\u00e9ration devrait s\u2019inscrire dans le cadre du Projet de d\u00e9veloppement des chaines de valeur de l\u2019\u00e9levage et de la pisciculture (Pdcvep), financ\u00e9 \u00e0 hauteur de 65 milliards de FCFA sur cinq ans par la Banque africaine de d\u00e9veloppement (Bad). Il concerne trois fili\u00e8res en l\u2019occurrence la fili\u00e8re bovine, la fili\u00e8re porcine et la fili\u00e8re piscicole, dont le but est de renforcer la productivit\u00e9 et la comp\u00e9titivit\u00e9 desdites fili\u00e8res avec l\u2019implication du secteur priv\u00e9.<\/p>\n<p><strong>Lire aussi : <a href=\"https:\/\/ecomatin.net\/filiere-porcine-le-gouvernement-va-importer-300-porcs-geniteurs-pour-booster-la-filiere\/\">Fili\u00e8re porcine : le gouvernement va importer 300 porcs g\u00e9niteurs pour booster la fili\u00e8re<\/a><\/strong><\/p>\n<p>Il est n\u00e9cessaire de pr\u00e9ciser que le processus de renouvellement de la g\u00e9n\u00e9tique de la fili\u00e8re porcine initi\u00e9 depuis bient\u00f4t une dizaine d\u2019ann\u00e9es a d\u00e9j\u00e0 permis de diffuser pr\u00e8s de 6000 porcelets dans les fermes \u00e0 travers le pays, ceci gr\u00e2ce \u00e0 la toute premi\u00e8re op\u00e9ration d\u2019importation de 76 porcs g\u00e9niteurs en 2014,\u00a0via le d\u00e9funt Projet d\u2019am\u00e9lioration de la comp\u00e9titivit\u00e9 agricole (PACA). Au mois de de f\u00e9vrier 2021, le pays a \u00e9galement import\u00e9 100 grands-parents porcins, arriv\u00e9s d\u2019Europe dans le cadre du Projet de D\u00e9veloppement de l\u2019Elevage (Prodel), financ\u00e9 par la Banque mondiale. Ces animaux avaient \u00e9t\u00e9 transf\u00e9r\u00e9s \u00e0 la station d\u2019\u00e9levage de Kounden dans la r\u00e9gion de l\u2019Ouest, dans le but de renouveler la g\u00e9n\u00e9tique de la fili\u00e8re.<\/p>\n<p><strong>Lire aussi : <a href=\"https:\/\/ecomatin.net\/le-cameroun-importe-100-porcs-geniteurs-pour-relancer-la-filiere-apres-le-passage-de-la-peste-porcine\/\">Le Cameroun importe 100 porcs g\u00e9niteurs pour relancer la fili\u00e8re apr\u00e8s le passage de la peste porcine<\/a><\/strong><\/p>\n<p>L\u2019article <a rel=\"nofollow\" href=\"https:\/\/ecomatin.net\/filiere-porcine-le-cameroun-recherche-360-nouveaux-porcs-geniteurs-pour-booster-son-capital-genetique\/\">Fili\u00e8re porcine : le Cameroun recherche 360 nouveaux porcs g\u00e9niteurs pour booster son capital g\u00e9n\u00e9tique<\/a> est apparu en premier sur <a rel=\"nofollow\" href=\"https:\/\/ecomatin.net\/\">EcoMatin<\/a>.<\/p>\n<\/div>\n<p>Auteur: Yannick KENNE<br \/>\n<a href=\"https:\/\/ecomatin.net\/filiere-porcine-le-cameroun-recherche-360-nouveaux-porcs-geniteurs-pour-booster-son-capital-genetique\/\">Cliquez ici pour lire l&rsquo;article depuis sa source.<\/a><\/p>\n","protected":false},"excerpt":{"rendered":"<p>Le Cameroun a \u00e9t\u00e9 travers\u00e9 au 3e\u00a0trimestre 2021 par une \u00e9pizootie de la Peste porcine africaine (Ppa), qui a d\u00e9cim\u00e9 pr\u00e8s de 22,5% de son cheptel porcin, alors que celui-ci est vieillissant et que son processus de rajeunissement est en marche depuis 2014. Le gouvernement est engag\u00e9 dans ce processus, soutenu par quelques bailleurs de [&hellip;]<\/p>\n","protected":false},"author":1969,"featured_media":0,"comment_status":"closed","ping_status":"closed","sticky":false,"template":"","format":"standard","meta":{"fifu_image_url":"","fifu_image_alt":"","footnotes":""},"categories":[82,78],"tags":[],"class_list":["post-145445","post","type-post","status-publish","format-standard","hentry","category-cameroun","category-economie"],"_links":{"self":[{"href":"https:\/\/linitiative.ca\/International\/wp-json\/wp\/v2\/posts\/145445","targetHints":{"allow":["GET"]}}],"collection":[{"href":"https:\/\/linitiative.ca\/International\/wp-json\/wp\/v2\/posts"}],"about":[{"href":"https:\/\/linitiative.ca\/International\/wp-json\/wp\/v2\/types\/post"}],"author":[{"embeddable":true,"href":"https:\/\/linitiative.ca\/International\/wp-json\/wp\/v2\/users\/1969"}],"replies":[{"embeddable":true,"href":"https:\/\/linitiative.ca\/International\/wp-json\/wp\/v2\/comments?post=145445"}],"version-history":[{"count":0,"href":"https:\/\/linitiative.ca\/International\/wp-json\/wp\/v2\/posts\/145445\/revisions"}],"wp:attachment":[{"href":"https:\/\/linitiative.ca\/International\/wp-json\/wp\/v2\/media?parent=145445"}],"wp:term":[{"taxonomy":"category","embeddable":true,"href":"https:\/\/linitiative.ca\/International\/wp-json\/wp\/v2\/categories?post=145445"},{"taxonomy":"post_tag","embeddable":true,"href":"https:\/\/linitiative.ca\/International\/wp-json\/wp\/v2\/tags?post=145445"}],"curies":[{"name":"wp","href":"https:\/\/api.w.org\/{rel}","templated":true}]}}