{"id":145447,"date":"2022-04-14T07:02:21","date_gmt":"2022-04-14T11:02:21","guid":{"rendered":"https:\/\/linitiative.ca\/International\/les-forums-de-letudiant-marocain-levent-le-voile-sur-les-formations-a-forte-valeur-ajoutee\/"},"modified":"2022-04-14T07:02:21","modified_gmt":"2022-04-14T11:02:21","slug":"les-forums-de-letudiant-marocain-levent-le-voile-sur-les-formations-a-forte-valeur-ajoutee","status":"publish","type":"post","link":"https:\/\/linitiative.ca\/International\/les-forums-de-letudiant-marocain-levent-le-voile-sur-les-formations-a-forte-valeur-ajoutee\/","title":{"rendered":"Les forums de \u00abL\u2019Etudiant marocain\u00bb l\u00e8vent  le voile sur les formations \u00e0 forte valeur ajout\u00e9e"},"content":{"rendered":"<div>\n<p><img decoding=\"async\" width=\"300\" height=\"153\" src=\"https:\/\/linitiative.ca\/International\/wp-content\/uploads\/sites\/23\/2022\/04\/Les-forums-de-LEtudiant-marocain-levent-le-voile-sur-les-formations-a-forte-valeur-ajoutee-300x153-1.png\" class=\"attachment-medium size-medium wp-post-image\" alt=\"\" loading=\"lazy\" srcset=\"https:\/\/linitiative.ca\/International\/wp-content\/uploads\/sites\/23\/2022\/04\/Les-forums-de-LEtudiant-marocain-levent-le-voile-sur-les-formations-a-forte-valeur-ajoutee-300x153-1.png 300w, https:\/\/aujourdhui.ma\/wp-content\/uploads\/2022\/04\/Les-forums-de-LEtudiant-marocain-levent-le-voile-sur-les-formations-a-forte-valeur-ajoutee-274x140.png 274w, https:\/\/aujourdhui.ma\/wp-content\/uploads\/2022\/04\/Les-forums-de-LEtudiant-marocain-levent-le-voile-sur-les-formations-a-forte-valeur-ajoutee.png 746w, https:\/\/aujourdhui.ma\/wp-content\/uploads\/2022\/04\/Les-forums-de-LEtudiant-marocain-levent-le-voile-sur-les-formations-a-forte-valeur-ajoutee-165x84.png 165w, https:\/\/aujourdhui.ma\/wp-content\/uploads\/2022\/04\/Les-forums-de-LEtudiant-marocain-levent-le-voile-sur-les-formations-a-forte-valeur-ajoutee-702x358.png 702w\" sizes=\"auto, (max-width: 300px) 100vw, 300px\"><\/p>\n<p><span style=\"color: #800000;\"><strong>Constituant un espace d\u2019orientation in\u00e9dit<\/strong><\/span><span id=\"more-405165\"><\/span><\/p>\n<p>L\u2019orientation est la cl\u00e9 de r\u00e9ussite pour un jeune qui veut int\u00e9grer une formation en ad\u00e9quation avec ses aspirations et sa carri\u00e8re professionnelle future. Une bonne orientation pr\u00e9pare un jeune qui conna\u00eet son chemin et qui sait ce qu\u2019il va entreprendre demain, a indiqu\u00e9 \u00e0 la MAP le pr\u00e9sident-directeur g\u00e9n\u00e9ral du Groupe l\u2019Etudiant marocain\u00bb, Mohcine Berrada, en marge de la 30\u00e8me \u00e9dition du Forum international de l\u2019\u00e9tudiant qui s\u2019est d\u00e9roul\u00e9e \u00e0 Casablanca. Pour lui, il est n\u00e9cessaire d\u2019informer et d\u2019orienter les jeunes vers des formations qu\u2019ils souhaitent, afin d\u2019avoir des ressources humaines qualifi\u00e9es.<\/p>\n<p>Il s\u2019agit \u00e9galement de leur faire d\u00e9couvrir les nouvelles formations et les nouveaux d\u00e9bouch\u00e9s et m\u00e9tiers, et les informer par rapport aux m\u00e9tiers qui ont disparu ou qui sont en voie de disparition. Par la m\u00eame occasion, le PDG du Groupe a rappel\u00e9 que le nouveau mod\u00e8le de d\u00e9veloppement base l\u2019essentiel de sa strat\u00e9gie sur la valorisation des ressources humaines. Le besoin de construire son projet professionnel est omnipr\u00e9sent chez les jeunes qui sont tr\u00e8s soucieux de leurs formations post-baccalaur\u00e9at et de leurs d\u00e9bouch\u00e9s dans ces formations. En termes de nouveaut\u00e9s, il explique :<\/p>\n<p>\u00abNous essayons de renforcer notre objectif principal qui est celui d\u2019informer et d\u2019orienter les \u00e9tudiants, en leur pr\u00e9sentant le maximum et d\u2019une mani\u00e8re exhaustive la panoplie de formations qui existent au Maroc et \u00e0 l\u2019\u00e9tranger\u00bb. Les nationaux sont pr\u00e9sents en masse, qu\u2019ils soient publics ou priv\u00e9s, universit\u00e9s, grandes \u00e9coles, \u00e9coles professionnelles ou technologiques, rel\u00e8ve le PDG du Groupe. A noter que l\u2019\u00e9dition 2022 des Forums internationaux de l\u2019\u00e9tudiant compte six rencontres dans diff\u00e9rentes r\u00e9gions : B\u00e9ni Mellal (11-12 mars), Marrakech (18-19 mars), Casablanca (24-27 mars), Rabat et Tanger (31 mars et 1er avril) ainsi que le Forum des licences, masters et de la formation continue les 20 et 21 mai.<\/p>\n<p>Acteur majeur de l\u2019information et d\u2019aide \u00e0 l\u2019orientation et partenaire principal du secteur de l\u2019\u00e9ducation-formation au Maroc, le Groupe l\u2019Etudiant Marocain cumule plus de 30 ans d\u2019exp\u00e9rience au cours desquels il a valoris\u00e9 le syst\u00e8me d\u2019enseignement et de formation afin d\u2019accompagner les \u00e9l\u00e8ves et \u00e9tudiants \u00e0 mieux construire leur avenir.<\/p>\n<p>\u00a0<\/p>\n<\/div>\n<p>Auteur: ALM<br \/>\n<a href=\"https:\/\/aujourdhui.ma\/societe\/les-forums-de-letudiant-marocain-levent-le-voile-sur-les-formations-a-forte-valeur-ajoutee\">Cliquez ici pour lire l&rsquo;article depuis sa source.<\/a><\/p>\n","protected":false},"excerpt":{"rendered":"<p>Constituant un espace d\u2019orientation in\u00e9dit L\u2019orientation est la cl\u00e9 de r\u00e9ussite pour un jeune qui veut int\u00e9grer une formation en ad\u00e9quation avec ses aspirations et sa carri\u00e8re professionnelle future. Une bonne orientation pr\u00e9pare un jeune qui conna\u00eet son chemin et qui sait ce qu\u2019il va entreprendre demain, a indiqu\u00e9 \u00e0 la MAP le pr\u00e9sident-directeur g\u00e9n\u00e9ral [&hellip;]<\/p>\n","protected":false},"author":1759,"featured_media":0,"comment_status":"closed","ping_status":"closed","sticky":false,"template":"","format":"standard","meta":{"fifu_image_url":"https:\/\/aujourdhui.ma\/wp-content\/uploads\/2022\/04\/Les-forums-de-LEtudiant-marocain-levent-le-voile-sur-les-formations-a-forte-valeur-ajoutee-300x153.png","fifu_image_alt":"Les forums de \u00abL\u2019Etudiant marocain\u00bb l\u00e8vent  le voile sur les formations \u00e0 forte valeur ajout\u00e9e","footnotes":""},"categories":[73,54],"tags":[],"class_list":["post-145447","post","type-post","status-publish","format-standard","hentry","category-actualite","category-maroc"],"_links":{"self":[{"href":"https:\/\/linitiative.ca\/International\/wp-json\/wp\/v2\/posts\/145447","targetHints":{"allow":["GET"]}}],"collection":[{"href":"https:\/\/linitiative.ca\/International\/wp-json\/wp\/v2\/posts"}],"about":[{"href":"https:\/\/linitiative.ca\/International\/wp-json\/wp\/v2\/types\/post"}],"author":[{"embeddable":true,"href":"https:\/\/linitiative.ca\/International\/wp-json\/wp\/v2\/users\/1759"}],"replies":[{"embeddable":true,"href":"https:\/\/linitiative.ca\/International\/wp-json\/wp\/v2\/comments?post=145447"}],"version-history":[{"count":0,"href":"https:\/\/linitiative.ca\/International\/wp-json\/wp\/v2\/posts\/145447\/revisions"}],"wp:attachment":[{"href":"https:\/\/linitiative.ca\/International\/wp-json\/wp\/v2\/media?parent=145447"}],"wp:term":[{"taxonomy":"category","embeddable":true,"href":"https:\/\/linitiative.ca\/International\/wp-json\/wp\/v2\/categories?post=145447"},{"taxonomy":"post_tag","embeddable":true,"href":"https:\/\/linitiative.ca\/International\/wp-json\/wp\/v2\/tags?post=145447"}],"curies":[{"name":"wp","href":"https:\/\/api.w.org\/{rel}","templated":true}]}}