{"id":145449,"date":"2022-04-14T08:00:23","date_gmt":"2022-04-14T12:00:23","guid":{"rendered":"https:\/\/linitiative.ca\/International\/comment-leconomie-marocaine-veut-se-decarboner\/"},"modified":"2022-04-14T08:00:23","modified_gmt":"2022-04-14T12:00:23","slug":"comment-leconomie-marocaine-veut-se-decarboner","status":"publish","type":"post","link":"https:\/\/linitiative.ca\/International\/comment-leconomie-marocaine-veut-se-decarboner\/","title":{"rendered":"Comment l\u2019\u00e9conomie marocaine veut  se d\u00e9carboner"},"content":{"rendered":"<div>\n<p><img decoding=\"async\" width=\"300\" height=\"153\" src=\"https:\/\/linitiative.ca\/International\/wp-content\/uploads\/sites\/23\/2022\/04\/Laila-Benali-CGEM-eCC81conomie-marocaine-deCC81carboner-300x153-1.jpg\" class=\"attachment-medium size-medium wp-post-image\" alt=\"\" loading=\"lazy\" srcset=\"https:\/\/linitiative.ca\/International\/wp-content\/uploads\/sites\/23\/2022\/04\/Laila-Benali-CGEM-eCC81conomie-marocaine-deCC81carboner-300x153-1.jpg 300w, https:\/\/aujourdhui.ma\/wp-content\/uploads\/2022\/04\/Laila-Benali-CGEM-e\u0301conomie-marocaine-de\u0301carboner-274x140.jpg 274w, https:\/\/aujourdhui.ma\/wp-content\/uploads\/2022\/04\/Laila-Benali-CGEM-e\u0301conomie-marocaine-de\u0301carboner.jpg 746w, https:\/\/aujourdhui.ma\/wp-content\/uploads\/2022\/04\/Laila-Benali-CGEM-e\u0301conomie-marocaine-de\u0301carboner-165x84.jpg 165w, https:\/\/aujourdhui.ma\/wp-content\/uploads\/2022\/04\/Laila-Benali-CGEM-e\u0301conomie-marocaine-de\u0301carboner-702x358.jpg 702w\" sizes=\"auto, (max-width: 300px) 100vw, 300px\"><\/p>\n<p><span style=\"font-size: 20px;\"><strong>Laila Benali le confirme lors d\u2019une rencontre \u00e0 la CGEM<\/strong><\/span><span id=\"more-405146\"><\/span><\/p>\n<p>La d\u00e9carbonation en tant que levier de croissance durable a \u00e9t\u00e9 au c\u0153ur d\u2019une rencontre organis\u00e9e par la Conf\u00e9d\u00e9ration g\u00e9n\u00e9rale des entreprises du Maroc (CGEM) et le club de chefs d\u2019entreprises France-Maroc. L\u2019occasion \u00e9tant de dresser le bilan du processus de d\u00e9carbonation engag\u00e9 aussi bien par le Maroc que par la France, et ce conform\u00e9ment aux Objectifs de d\u00e9veloppement durable (ODD) ainsi qu\u2019aux orientations de la Strat\u00e9gie nationale de d\u00e9veloppement durable et des recommandations du nouveau mod\u00e8le de d\u00e9veloppement. Cette rencontre a connu la participation de Leila Benali, ministre de la transition \u00e9nerg\u00e9tique et du d\u00e9veloppement durable. \u00abLa d\u00e9carbonation est un sujet prioritaire de la r\u00e9forme du secteur \u00e9nerg\u00e9tique, tr\u00e8s actuel au regard de la flamb\u00e9e des prix des mati\u00e8res premi\u00e8res et de l\u2019impact de cette inflation directe et indirecte sur l\u2019\u00e9conomie nationale.<\/p>\n<p>Nous nous joignons \u00e0 la CGEM pour \u00e9tudier les r\u00e9formes engag\u00e9es par le Maroc en mati\u00e8re de d\u00e9carbonation, lesquelles sont appel\u00e9es \u00e0 \u00eatre acc\u00e9l\u00e9r\u00e9es, avec l\u2019implication effective du secteur priv\u00e9, afin d\u2019am\u00e9liorer la transparence sur les co\u00fbts de transactions des services et sur les opportunit\u00e9s d\u2019investissement\u00bb, affirme \u00e0 cet \u00e9gard Mme Benali. Lors de son intervention, la ministre a mis en exergue les efforts consentis par le Royaume pour r\u00e9duire ses \u00e9missions. \u00abL\u2019\u00e9conomie marocaine devient plus sobre en carbone avec une baisse moyenne annuelle de 2,2\u00a0%, depuis 2004, de l\u2019intensit\u00e9 des \u00e9missions nationales par unit\u00e9 de PIB\u00bb, apprend-on de la ministre. Leila Benali a dans ce sens mis en avant les principaux chantiers engag\u00e9s au niveau national en mati\u00e8re de d\u00e9carbonation. Il ressort que sur la base de la Strat\u00e9gie nationale de d\u00e9veloppement durable, visant \u00e0 assurer une transition verte et inclusive \u00e0 l\u2019horizon 2030, le Maroc a r\u00e9hauss\u00e9 son ambition nationale. La contribution d\u00e9termin\u00e9e au niveau national tend ainsi \u00e0 r\u00e9duire les \u00e9missions de gaz \u00e0 effet de serre de plus de 45\u00a0% \u00e0 l\u2019horizon 2030. Sur la base de ladite contribution d\u00e9termin\u00e9e, le Royaume a \u00e9labor\u00e9 une strat\u00e9gie bas carbone 2050 (SBC), faisant ainsi de l\u2019\u00e9nergie un levier d\u2019attractivit\u00e9 et de d\u00e9veloppement. Le Maroc met \u00e9galement en \u0153uvre un projet de transition \u00e9nerg\u00e9tique ambitieux.<\/p>\n<p>La finalit\u00e9 \u00e9tant d\u2019atteindre 52% d\u2019\u00e9nergie renouvelable dans la capacit\u00e9 install\u00e9e totale \u00e0 l\u2019horizon 2030. Se r\u00e9f\u00e9rant \u00e0 la ministre, \u00ab50 projets d\u2019\u00e9nergies renouvelables cumulant une puissance install\u00e9e d\u2019environ 4 GW sont en exploitation et une soixantaine de projets de diff\u00e9rentes tailles est en cours d\u2019autorisation, de d\u00e9veloppement ou de r\u00e9alisation, pour alimenter notamment des unit\u00e9s industrielles\u00bb. S\u2019agissant du programme de d\u00e9carbonation industrielle, Mme Benali a indiqu\u00e9 que son d\u00e9partement a entam\u00e9, en concertation avec le minist\u00e8re de l\u2019industrie et du commerce, la mise en \u0153uvre d\u2019un portefeuille de projets visant \u00e0 doter les zones industrielles du Royaume en projets d\u2019\u00e9nergies renouvelables, dont les premiers besoins ont \u00e9t\u00e9 estim\u00e9s \u00e0 800 Gwh par an. Le premier projet est d\u00e9j\u00e0 autoris\u00e9 pour la zone industrielle de K\u00e9nitra et d\u2019autres sont en cours d\u2019autorisation, a-t-elle ajout\u00e9. La ministre a aussi rappel\u00e9 que les projets r\u00e9alis\u00e9s \u00e0 ce jour ont \u00e9t\u00e9 rendus possibles gr\u00e2ce \u00e0 la mise en place d\u2019un cadre l\u00e9gislatif, r\u00e9glementaire et institutionnel appropri\u00e9 et am\u00e9lior\u00e9 en continu pour tenir compte de l\u2019\u00e9volution rapide du secteur de l\u2019\u00e9nergie, mais surtout des orientations du Maroc.<\/p>\n<p>De son c\u00f4t\u00e9, Ryad Mezzour, ministre de l\u2019industrie et du commerce, a r\u00e9it\u00e9r\u00e9 les engagements de son d\u00e9partement \u00e0 appuyer les initiatives et projets de d\u00e9carbonation des petites et moyennes entreprises industrielles via le programme d\u2019accompagnement \u00abTatwir croissance verte\u00bb. Apr\u00e8s avoir appel\u00e9 \u00e0 faire valoir le mod\u00e8le marocain en mati\u00e8re d\u2019industrie d\u00e9carbon\u00e9e, le ministre, \u00e9tant intervenu \u00e0 distance, a soulign\u00e9 l\u2019importance de l\u2019ind\u00e9pendance \u00e9nerg\u00e9tique dont la r\u00e9alisation est tributaire du d\u00e9veloppement de nouvelles fili\u00e8res et \u00e9cosyst\u00e8mes \u00e0 l\u2019instar des industries \u00e9oliennes, solaires et d\u2019hydrog\u00e8ne vert. Du c\u00f4t\u00e9 du patronat, Chakib Alj, pr\u00e9sident de la Conf\u00e9d\u00e9ration g\u00e9n\u00e9rale des entreprises du Maroc, estime que le Maroc peut dans un avenir proche r\u00e9duire sa d\u00e9pendance \u00e9nerg\u00e9tique et jouer un r\u00f4le significatif dans l\u2019approvisionnement de l\u2019Europe en \u00e9nergie verte. \u00abLe potentiel que rec\u00e8le le Maroc en mati\u00e8re d\u2019\u00e9nergies renouvelables, notamment sa capacit\u00e9 de production de l\u2019hydrog\u00e8ne vert, peut lui permettre d\u2019approvisionner l\u2019Europe en \u00e9nergies propres\u00bb, explique M. Alj.<\/p>\n<p>Le pr\u00e9sident de la CGEM a r\u00e9it\u00e9r\u00e9 l\u2019implication du secteur priv\u00e9 et son r\u00f4le cl\u00e9, en particulier dans le d\u00e9ploiement de solutions de d\u00e9carbonation \u00e0 travers les financements qu\u2019il peut mobiliser et les innovations technologiques qu\u2019il peut g\u00e9n\u00e9rer. La CGEM \u0153uvre en effet \u00e0 appuyer un bon nombre d\u2019entreprises dans la r\u00e9duction de leurs \u00e9missions de gaz \u00e0 effet de serre. La conf\u00e9d\u00e9ration d\u00e9ploie dans ce sens des activit\u00e9s de sensibilisation et de formation en vue d\u2019accompagner les entreprises dans leur d\u00e9marche de d\u00e9carbonation et de se pr\u00e9parer au mieux \u00e0 l\u2019entr\u00e9e en vigueur du m\u00e9canisme d\u2019ajustement carbone aux fronti\u00e8res.<\/p>\n<\/div>\n<p>Auteur: ALM<br \/>\n<a href=\"https:\/\/aujourdhui.ma\/economie\/comment-leconomie-marocaine-veut-se-decarboner\">Cliquez ici pour lire l&rsquo;article depuis sa source.<\/a><\/p>\n","protected":false},"excerpt":{"rendered":"<p>Laila Benali le confirme lors d\u2019une rencontre \u00e0 la CGEM La d\u00e9carbonation en tant que levier de croissance durable a \u00e9t\u00e9 au c\u0153ur d\u2019une rencontre organis\u00e9e par la Conf\u00e9d\u00e9ration g\u00e9n\u00e9rale des entreprises du Maroc (CGEM) et le club de chefs d\u2019entreprises France-Maroc. L\u2019occasion \u00e9tant de dresser le bilan du processus de d\u00e9carbonation engag\u00e9 aussi bien [&hellip;]<\/p>\n","protected":false},"author":1759,"featured_media":0,"comment_status":"closed","ping_status":"closed","sticky":false,"template":"","format":"standard","meta":{"fifu_image_url":"https:\/\/aujourdhui.ma\/wp-content\/uploads\/2022\/04\/Laila-Benali-CGEM-e\u0301conomie-marocaine-de\u0301carboner-300x153.jpg","fifu_image_alt":"Comment l\u2019\u00e9conomie marocaine veut  se d\u00e9carboner","footnotes":""},"categories":[73,54],"tags":[],"class_list":["post-145449","post","type-post","status-publish","format-standard","hentry","category-actualite","category-maroc"],"_links":{"self":[{"href":"https:\/\/linitiative.ca\/International\/wp-json\/wp\/v2\/posts\/145449","targetHints":{"allow":["GET"]}}],"collection":[{"href":"https:\/\/linitiative.ca\/International\/wp-json\/wp\/v2\/posts"}],"about":[{"href":"https:\/\/linitiative.ca\/International\/wp-json\/wp\/v2\/types\/post"}],"author":[{"embeddable":true,"href":"https:\/\/linitiative.ca\/International\/wp-json\/wp\/v2\/users\/1759"}],"replies":[{"embeddable":true,"href":"https:\/\/linitiative.ca\/International\/wp-json\/wp\/v2\/comments?post=145449"}],"version-history":[{"count":0,"href":"https:\/\/linitiative.ca\/International\/wp-json\/wp\/v2\/posts\/145449\/revisions"}],"wp:attachment":[{"href":"https:\/\/linitiative.ca\/International\/wp-json\/wp\/v2\/media?parent=145449"}],"wp:term":[{"taxonomy":"category","embeddable":true,"href":"https:\/\/linitiative.ca\/International\/wp-json\/wp\/v2\/categories?post=145449"},{"taxonomy":"post_tag","embeddable":true,"href":"https:\/\/linitiative.ca\/International\/wp-json\/wp\/v2\/tags?post=145449"}],"curies":[{"name":"wp","href":"https:\/\/api.w.org\/{rel}","templated":true}]}}