{"id":145464,"date":"2022-04-14T11:09:20","date_gmt":"2022-04-14T15:09:20","guid":{"rendered":"https:\/\/linitiative.ca\/International\/previsions-meteorologiques-pour-le-vendredi-15-avril-2022\/"},"modified":"2022-04-14T11:09:20","modified_gmt":"2022-04-14T15:09:20","slug":"previsions-meteorologiques-pour-le-vendredi-15-avril-2022","status":"publish","type":"post","link":"https:\/\/linitiative.ca\/International\/previsions-meteorologiques-pour-le-vendredi-15-avril-2022\/","title":{"rendered":"Pr\u00e9visions m\u00e9t\u00e9orologiques pour le vendredi 15 avril 2022"},"content":{"rendered":"<div>\n<div style=\"margin-bottom:20px;\"><img loading=\"lazy\" decoding=\"async\" width=\"750\" height=\"430\" src=\"https:\/\/linitiative.ca\/International\/wp-content\/uploads\/sites\/23\/2022\/04\/mC3A9tC3A9o-1.jpg\" class=\"attachment-post-thumbnail size-post-thumbnail wp-post-image\" alt=\"\" srcset=\"https:\/\/linitiative.ca\/International\/wp-content\/uploads\/sites\/23\/2022\/04\/mC3A9tC3A9o-1.jpg 750w, https:\/\/www.mapmarrakech.ma\/map\/uploads\/2022\/02\/m\u00e9t\u00e9o-1-300x172.jpg 300w\" sizes=\"auto, (max-width: 750px) 100vw, 750px\"><\/div>\n<p>\u2013 Gouttes de pluie r\u00e9siduelles sur l\u2019Oriental.<\/p>\n<p>\u2013 Brume ou brouillard par endroits sur les plaines atlantiques Nord, les c\u00f4tes Centre, l\u2019Ouest de<\/p>\n<p>la M\u00e9diterran\u00e9e et localement sur le Nord des provinces Sud.<\/p>\n<p>\u2013 Temps g\u00e9n\u00e9ralement stable sur le reste du pays.<\/p>\n<p>\u2013 Chasse-poussi\u00e8res par endroits sur l\u2019Oriental, le Sud-Est et le Nord des provinces Sud.<\/p>\n<p>\u2013 Rafales de vent parfois assez fortes sur le Sud de l\u2019Oriental, les plaines atlantiques Centre et les c\u00f4tes Sud.<\/p>\n<p>\u2013 Temp\u00e9ratures minimales de l\u2019ordre de 01\/07\u00b0C sur l\u2019Atlas et le Rif, 13\/20\u00b0C sur les c\u00f4tes, le<\/p>\n<p>Sud-Est et les provinces Sud et de 07\/15\u00b0C en g\u00e9n\u00e9ral ailleurs.<\/p>\n<p>\u2013 Temp\u00e9ratures maximales en hausse sur la majeure partie du pays.<\/p>\n<p>\u2013 Mer peu agit\u00e9e \u00e0 agit\u00e9e sur la M\u00e9diterran\u00e9e et le D\u00e9troit, peu agit\u00e9e \u00e0 agit\u00e9e au Nord de SAfi, agit\u00e9e \u00e0 forte entre Safi et Dakhla ainsi qu\u2019agit\u00e9e ailleurs.<\/p>\n<p>The post <a rel=\"nofollow\" href=\"https:\/\/www.mapmarrakech.ma\/fr\/previsions-meteorologiques-pour-le-vendredi-15-avril-2022\/\">Pr\u00e9visions m\u00e9t\u00e9orologiques pour le vendredi 15 avril 2022<\/a> appeared first on <a rel=\"nofollow\" href=\"https:\/\/www.mapmarrakech.ma\/fr\">MapMarrakech<\/a>.<\/p>\n<\/div>\n<p>Auteur: Meriem IGASS<br \/>\n<a href=\"https:\/\/www.mapmarrakech.ma\/fr\/previsions-meteorologiques-pour-le-vendredi-15-avril-2022\/\">Cliquez ici pour lire l&rsquo;article depuis sa source.<\/a><\/p>\n","protected":false},"excerpt":{"rendered":"<p>\u2013 Gouttes de pluie r\u00e9siduelles sur l\u2019Oriental. \u2013 Brume ou brouillard par endroits sur les plaines atlantiques Nord, les c\u00f4tes Centre, l\u2019Ouest de la M\u00e9diterran\u00e9e et localement sur le Nord des provinces Sud. \u2013 Temps g\u00e9n\u00e9ralement stable sur le reste du pays. \u2013 Chasse-poussi\u00e8res par endroits sur l\u2019Oriental, le Sud-Est et le Nord des provinces [&hellip;]<\/p>\n","protected":false},"author":1788,"featured_media":0,"comment_status":"closed","ping_status":"closed","sticky":false,"template":"","format":"standard","meta":{"fifu_image_url":"https:\/\/www.mapmarrakech.ma\/map\/uploads\/2022\/02\/m\u00e9t\u00e9o-1.jpg","fifu_image_alt":"Pr\u00e9visions m\u00e9t\u00e9orologiques pour le vendredi 15 avril 2022","footnotes":""},"categories":[54,76],"tags":[],"class_list":["post-145464","post","type-post","status-publish","format-standard","hentry","category-maroc","category-regions"],"_links":{"self":[{"href":"https:\/\/linitiative.ca\/International\/wp-json\/wp\/v2\/posts\/145464","targetHints":{"allow":["GET"]}}],"collection":[{"href":"https:\/\/linitiative.ca\/International\/wp-json\/wp\/v2\/posts"}],"about":[{"href":"https:\/\/linitiative.ca\/International\/wp-json\/wp\/v2\/types\/post"}],"author":[{"embeddable":true,"href":"https:\/\/linitiative.ca\/International\/wp-json\/wp\/v2\/users\/1788"}],"replies":[{"embeddable":true,"href":"https:\/\/linitiative.ca\/International\/wp-json\/wp\/v2\/comments?post=145464"}],"version-history":[{"count":0,"href":"https:\/\/linitiative.ca\/International\/wp-json\/wp\/v2\/posts\/145464\/revisions"}],"wp:attachment":[{"href":"https:\/\/linitiative.ca\/International\/wp-json\/wp\/v2\/media?parent=145464"}],"wp:term":[{"taxonomy":"category","embeddable":true,"href":"https:\/\/linitiative.ca\/International\/wp-json\/wp\/v2\/categories?post=145464"},{"taxonomy":"post_tag","embeddable":true,"href":"https:\/\/linitiative.ca\/International\/wp-json\/wp\/v2\/tags?post=145464"}],"curies":[{"name":"wp","href":"https:\/\/api.w.org\/{rel}","templated":true}]}}