{"id":145468,"date":"2022-04-13T18:16:32","date_gmt":"2022-04-13T22:16:32","guid":{"rendered":"https:\/\/linitiative.ca\/International\/reunion-sur-les-moyens-de-lacceleration-de-la-mise-en-oeuvre-de-la-regionalisation-avancee\/"},"modified":"2022-04-13T18:16:32","modified_gmt":"2022-04-13T22:16:32","slug":"reunion-sur-les-moyens-de-lacceleration-de-la-mise-en-oeuvre-de-la-regionalisation-avancee","status":"publish","type":"post","link":"https:\/\/linitiative.ca\/International\/reunion-sur-les-moyens-de-lacceleration-de-la-mise-en-oeuvre-de-la-regionalisation-avancee\/","title":{"rendered":"R\u00e9union sur les moyens de l\u2019acc\u00e9l\u00e9ration de la mise en \u0153uvre de la r\u00e9gionalisation avanc\u00e9e"},"content":{"rendered":"<div>\n<div style=\"margin-bottom:20px;\"><img loading=\"lazy\" decoding=\"async\" width=\"750\" height=\"430\" src=\"https:\/\/linitiative.ca\/International\/wp-content\/uploads\/sites\/23\/2022\/04\/Abdelouafi-Laftit-comitC3A9-stratC3A9gique-rC3A9gionalisation-avancC3A9e-750C397430-MAP.jpg\" class=\"attachment-post-thumbnail size-post-thumbnail wp-post-image\" alt=\"\" srcset=\"https:\/\/linitiative.ca\/International\/wp-content\/uploads\/sites\/23\/2022\/04\/Abdelouafi-Laftit-comitC3A9-stratC3A9gique-rC3A9gionalisation-avancC3A9e-750C397430-MAP.jpg 750w, https:\/\/www.mapoujda.ma\/map\/uploads\/2022\/04\/Abdelouafi-Laftit-comit\u00e9-strat\u00e9gique-r\u00e9gionalisation-avanc\u00e9e-750\u00d7430-MAP-300x172.jpg 300w\" sizes=\"auto, (max-width: 750px) 100vw, 750px\"><\/div>\n<p style=\"text-align: justify;\">L\u2019examen des moyens favorisant l\u2019acc\u00e9l\u00e9ration de la mise en \u0153uvre du chantier royal de la r\u00e9gionalisation avanc\u00e9e a \u00e9t\u00e9 au centre d\u2019une r\u00e9union tenue mercredi \u00e0 Rabat.<\/p>\n<p style=\"text-align: justify;\">Cette r\u00e9union, tenue en pr\u00e9sence des repr\u00e9sentants des d\u00e9partements minist\u00e9riels qui ont sign\u00e9 le Cadre d\u2019orientation pour la mise en oeuvre de l\u2019exercice des comp\u00e9tences des r\u00e9gions, ainsi que des pr\u00e9sidents et Walis des r\u00e9gions, a \u00e9t\u00e9 l\u2019occasion de faire le point sur diff\u00e9rentes questions prioritaires et participatives devant favoriser la mise en oeuvre efficiente de ce chantier royal.<\/p>\n<p style=\"text-align: justify;\">Dans ce cadre, les ministres de l\u2019Agriculture, de la P\u00eache maritime, du D\u00e9veloppement rural et des Eaux et For\u00eats, Mohammed Sadiki, de l\u2019\u00c9quipement et de l\u2019Eau, Nizar Baraka et de l\u2019Education nationale, du Pr\u00e9scolaire et des Sports, Chakib Benmoussa, ont fait des expos\u00e9s autour du Programme de R\u00e9duction des Disparit\u00e9s Territoriales et Sociales, de la situation hydrique au Maroc et de la vision strat\u00e9gique du syst\u00e8me de l\u2019\u00e9ducation nationale.<\/p>\n<p style=\"text-align: justify;\">Cette r\u00e9union s\u2019est tenue en pr\u00e9sence notamment du ministre de l\u2019Int\u00e9rieur, Abdelouafi Laftit et du ministre d\u00e9l\u00e9gu\u00e9 aupr\u00e8s de la ministre de l\u2019\u00e9conomie et des Finances, charg\u00e9 du budget, Faouzi Lekjaa.<\/p>\n<p style=\"text-align: justify;\">Dans une d\u00e9claration \u00e0 la presse \u00e0 l\u2019issue de cette r\u00e9union, le ministre de l\u2019Agriculture, de la P\u00eache maritime, du D\u00e9veloppement rural et des Eaux et For\u00eats a relev\u00e9 que cette rencontre a permis d\u2019aborder les moyens \u00e0 d\u00e9ployer pour r\u00e9duire les disparit\u00e9s territoriales et sociales notamment en milieu rural, mettant en avant l\u2019impact du Programme de R\u00e9duction des Disparit\u00e9s Territoriales et Sociales sur diff\u00e9rents secteurs sociaux tels que la sant\u00e9 et l\u2019\u00e9ducation.<\/p>\n<p style=\"text-align: justify;\">Gr\u00e2ce \u00e0 la bonne gouvernance et \u00e0 la coop\u00e9ration entre les diff\u00e9rentes r\u00e9gions du Royaume, plusieurs objectifs de ce programme ont \u00e9t\u00e9 atteints, a-t-il relev\u00e9, soulignant que sa mise en \u0153uvre sera acc\u00e9l\u00e9r\u00e9e en 2022, \u00e0 travers un ciblage pr\u00e9cis des r\u00e9gions.<\/p>\n<p style=\"text-align: justify;\">De son c\u00f4t\u00e9, M. Nizar Baraka a indiqu\u00e9 que cette rencontre a \u00e9t\u00e9 l\u2019occasion d\u2019\u00e9voquer les probl\u00e9matiques hydriques rencontr\u00e9es sur le territoire national, rappelant la signature de conventions relatives \u00e0 la question de l\u2019eau, ayant permis de r\u00e9gler les probl\u00e8mes de bassins versants et de d\u00e9ficit hydrique.<\/p>\n<p style=\"text-align: justify;\">Dans ce sens, le responsable a exprim\u00e9 sa volont\u00e9 de mettre en place davantage de partenariats \u00e0 m\u00eame de promouvoir le d\u00e9veloppement r\u00e9gional et rural et de soulever la question d\u2019approvisionnement des zones rurales en eau potable.<\/p>\n<p style=\"text-align: justify;\">Pour sa part, la pr\u00e9sidente de l\u2019Association des r\u00e9gions du Maroc et du Conseil de la r\u00e9gion Guelmim-Oued Noun, M\u2019barka Bouaida, a affirm\u00e9 que cette rencontre a \u00e9t\u00e9 l\u2019occasion d\u2019exprimer l\u2019enti\u00e8re implication de l\u2019ensemble des acteurs dans la r\u00e9ussite de la r\u00e9gionalisation avanc\u00e9e, notant que les progr\u00e8s r\u00e9alis\u00e9s et les moyens d\u2019acc\u00e9l\u00e9rer la mise en oeuvre de ce chantier royal ont \u00e9galement \u00e9t\u00e9 \u00e9voqu\u00e9s.<\/p>\n<p style=\"text-align: justify;\">Mme Bouaida a soulign\u00e9 que la rencontre visait \u00e9galement \u00e0 permettre aux r\u00e9gions de fixer ses priorit\u00e9s et \u00e0 favoriser l\u2019harmonie entre les r\u00e9gions et l\u2019\u00c9tat en mati\u00e8re de programmes et de priorit\u00e9s, ainsi qu\u2019\u00e0 proposer une forme de convergence entre les politiques publiques et l\u2019am\u00e9nagement du territoire.<\/p>\n<p style=\"text-align: justify;\">Le pr\u00e9sident de la r\u00e9gion La\u00e2youne-Sakia El Hamra, Sidi Hamdi Ould Errachid a, quant \u00e0 lui, relev\u00e9 que cette r\u00e9union intervient dans le cadre de l\u2019int\u00e9r\u00eat accord\u00e9 par le gouvernement \u00e0 la mise en oeuvre du chantier de la r\u00e9gionalisation avanc\u00e9e dans un contexte post-Covid-19, conform\u00e9ment \u00e0 la vision \u00e9clair\u00e9e de Sa Majest\u00e9 le Roi Mohammed VI.<\/p>\n<p style=\"text-align: justify;\">\u00ab\u00a0Cette conception gouvernementale bas\u00e9e sur la contractualisation avec les r\u00e9gions nous donne une vision d\u2019avenir qui tend l\u2019\u00e9laboration d\u2019un nouveau programme qui sera contractualis\u00e9\u00a0\u00bb, a-t-il soutenu, ajoutant que la r\u00e9union d\u2019aujourd\u2019hui balise le terrain pour d\u2019autres discussions et d\u2019autres programmes.<\/p>\n<p>L\u2019article <a rel=\"nofollow\" href=\"https:\/\/www.mapoujda.ma\/fr\/reunion-sur-les-moyens-de-lacceleration-de-la-mise-en-oeuvre-de-la-regionalisation-avancee\/\">R\u00e9union sur les moyens de l\u2019acc\u00e9l\u00e9ration de la mise en \u0153uvre de la r\u00e9gionalisation avanc\u00e9e<\/a> est apparu en premier sur <a rel=\"nofollow\" href=\"https:\/\/www.mapoujda.ma\/fr\">MapOujda<\/a>.<\/p>\n<\/div>\n<p>Auteur: Soufiane ELAHMAR<br \/>\n<a href=\"https:\/\/www.mapoujda.ma\/fr\/reunion-sur-les-moyens-de-lacceleration-de-la-mise-en-oeuvre-de-la-regionalisation-avancee\/\">Cliquez ici pour lire l&rsquo;article depuis sa source.<\/a><\/p>\n","protected":false},"excerpt":{"rendered":"<p>L\u2019examen des moyens favorisant l\u2019acc\u00e9l\u00e9ration de la mise en \u0153uvre du chantier royal de la r\u00e9gionalisation avanc\u00e9e a \u00e9t\u00e9 au centre d\u2019une r\u00e9union tenue mercredi \u00e0 Rabat. Cette r\u00e9union, tenue en pr\u00e9sence des repr\u00e9sentants des d\u00e9partements minist\u00e9riels qui ont sign\u00e9 le Cadre d\u2019orientation pour la mise en oeuvre de l\u2019exercice des comp\u00e9tences des r\u00e9gions, ainsi [&hellip;]<\/p>\n","protected":false},"author":1788,"featured_media":0,"comment_status":"closed","ping_status":"closed","sticky":false,"template":"","format":"standard","meta":{"fifu_image_url":"https:\/\/www.mapoujda.ma\/map\/uploads\/2022\/04\/Abdelouafi-Laftit-comit\u00e9-strat\u00e9gique-r\u00e9gionalisation-avanc\u00e9e-750\u00d7430-MAP.jpg","fifu_image_alt":"R\u00e9union sur les moyens de l\u2019acc\u00e9l\u00e9ration de la mise en \u0153uvre de la r\u00e9gionalisation avanc\u00e9e","footnotes":""},"categories":[54,76],"tags":[],"class_list":["post-145468","post","type-post","status-publish","format-standard","hentry","category-maroc","category-regions"],"_links":{"self":[{"href":"https:\/\/linitiative.ca\/International\/wp-json\/wp\/v2\/posts\/145468","targetHints":{"allow":["GET"]}}],"collection":[{"href":"https:\/\/linitiative.ca\/International\/wp-json\/wp\/v2\/posts"}],"about":[{"href":"https:\/\/linitiative.ca\/International\/wp-json\/wp\/v2\/types\/post"}],"author":[{"embeddable":true,"href":"https:\/\/linitiative.ca\/International\/wp-json\/wp\/v2\/users\/1788"}],"replies":[{"embeddable":true,"href":"https:\/\/linitiative.ca\/International\/wp-json\/wp\/v2\/comments?post=145468"}],"version-history":[{"count":0,"href":"https:\/\/linitiative.ca\/International\/wp-json\/wp\/v2\/posts\/145468\/revisions"}],"wp:attachment":[{"href":"https:\/\/linitiative.ca\/International\/wp-json\/wp\/v2\/media?parent=145468"}],"wp:term":[{"taxonomy":"category","embeddable":true,"href":"https:\/\/linitiative.ca\/International\/wp-json\/wp\/v2\/categories?post=145468"},{"taxonomy":"post_tag","embeddable":true,"href":"https:\/\/linitiative.ca\/International\/wp-json\/wp\/v2\/tags?post=145468"}],"curies":[{"name":"wp","href":"https:\/\/api.w.org\/{rel}","templated":true}]}}