{"id":145470,"date":"2022-04-13T18:23:41","date_gmt":"2022-04-13T22:23:41","guid":{"rendered":"https:\/\/linitiative.ca\/International\/oriental-reunion-autour-de-lefficacite-energetique\/"},"modified":"2022-04-13T18:23:41","modified_gmt":"2022-04-13T22:23:41","slug":"oriental-reunion-autour-de-lefficacite-energetique","status":"publish","type":"post","link":"https:\/\/linitiative.ca\/International\/oriental-reunion-autour-de-lefficacite-energetique\/","title":{"rendered":"Oriental : R\u00e9union autour de l\u2019efficacit\u00e9 \u00e9nerg\u00e9tique"},"content":{"rendered":"<div>\n<div style=\"margin-bottom:20px;\"><img loading=\"lazy\" decoding=\"async\" width=\"750\" height=\"430\" src=\"https:\/\/linitiative.ca\/International\/wp-content\/uploads\/sites\/23\/2022\/04\/SiC3A8ge-de-Conseil-de-lOriental-750C397430-MAP.jpg\" class=\"attachment-post-thumbnail size-post-thumbnail wp-post-image\" alt=\"\" srcset=\"https:\/\/linitiative.ca\/International\/wp-content\/uploads\/sites\/23\/2022\/04\/SiC3A8ge-de-Conseil-de-lOriental-750C397430-MAP.jpg 750w, https:\/\/www.mapoujda.ma\/map\/uploads\/2022\/03\/Si\u00e8ge-de-Conseil-de-lOriental-750\u00d7430-MAP-300x172.jpg 300w\" sizes=\"auto, (max-width: 750px) 100vw, 750px\"><\/div>\n<p style=\"text-align: justify;\">Le Conseil de la r\u00e9gion de l\u2019Oriental a accueilli, r\u00e9cemment, une r\u00e9union autour de l\u2019efficacit\u00e9 \u00e9nerg\u00e9tique, dans le cadre de la mise en \u0153uvre de la strat\u00e9gie nationale de l\u2019efficacit\u00e9 \u00e9nerg\u00e9tique au niveau de la r\u00e9gion.<\/p>\n<p style=\"text-align: justify;\">La r\u00e9union, pr\u00e9sid\u00e9e par le vice-pr\u00e9sident du Conseil, Omar Hejira, en pr\u00e9sence notamment de pr\u00e9sidents et repr\u00e9sentants de communes territoriales de la r\u00e9gion, a connu la pr\u00e9sentation d\u2019expos\u00e9s sur l\u2019exp\u00e9rience de la r\u00e9gion de l\u2019Oriental en mati\u00e8re d\u2019efficacit\u00e9 \u00e9nerg\u00e9tique, en particulier dans des projets r\u00e9alis\u00e9s au niveau de communes frontali\u00e8res.<\/p>\n<p style=\"text-align: justify;\">A cette occasion, M. Hejira a indiqu\u00e9 que cette rencontre s\u2019inscrit dans le cadre de l\u2019appui apport\u00e9 par le Conseil aux communes territoriales, en vue d\u2019\u00e9laborer un programme d\u2019action r\u00e9gional pour la mise en \u0153uvre de l\u2019efficacit\u00e9 \u00e9nerg\u00e9tique en mati\u00e8re d\u2019\u00e9clairage public.<\/p>\n<p>L\u2019article <a rel=\"nofollow\" href=\"https:\/\/www.mapoujda.ma\/fr\/oriental-reunion-autour-de-lefficacite-energetique\/\">Oriental : R\u00e9union autour de l\u2019efficacit\u00e9 \u00e9nerg\u00e9tique<\/a> est apparu en premier sur <a rel=\"nofollow\" href=\"https:\/\/www.mapoujda.ma\/fr\">MapOujda<\/a>.<\/p>\n<\/div>\n<p>Auteur: Soufiane ELAHMAR<br \/>\n<a href=\"https:\/\/www.mapoujda.ma\/fr\/oriental-reunion-autour-de-lefficacite-energetique\/\">Cliquez ici pour lire l&rsquo;article depuis sa source.<\/a><\/p>\n","protected":false},"excerpt":{"rendered":"<p>Le Conseil de la r\u00e9gion de l\u2019Oriental a accueilli, r\u00e9cemment, une r\u00e9union autour de l\u2019efficacit\u00e9 \u00e9nerg\u00e9tique, dans le cadre de la mise en \u0153uvre de la strat\u00e9gie nationale de l\u2019efficacit\u00e9 \u00e9nerg\u00e9tique au niveau de la r\u00e9gion. La r\u00e9union, pr\u00e9sid\u00e9e par le vice-pr\u00e9sident du Conseil, Omar Hejira, en pr\u00e9sence notamment de pr\u00e9sidents et repr\u00e9sentants de communes [&hellip;]<\/p>\n","protected":false},"author":1788,"featured_media":0,"comment_status":"closed","ping_status":"closed","sticky":false,"template":"","format":"standard","meta":{"fifu_image_url":"https:\/\/www.mapoujda.ma\/map\/uploads\/2022\/03\/Si\u00e8ge-de-Conseil-de-lOriental-750\u00d7430-MAP.jpg","fifu_image_alt":"Oriental : R\u00e9union autour de l\u2019efficacit\u00e9 \u00e9nerg\u00e9tique","footnotes":""},"categories":[54,76],"tags":[],"class_list":["post-145470","post","type-post","status-publish","format-standard","hentry","category-maroc","category-regions"],"_links":{"self":[{"href":"https:\/\/linitiative.ca\/International\/wp-json\/wp\/v2\/posts\/145470","targetHints":{"allow":["GET"]}}],"collection":[{"href":"https:\/\/linitiative.ca\/International\/wp-json\/wp\/v2\/posts"}],"about":[{"href":"https:\/\/linitiative.ca\/International\/wp-json\/wp\/v2\/types\/post"}],"author":[{"embeddable":true,"href":"https:\/\/linitiative.ca\/International\/wp-json\/wp\/v2\/users\/1788"}],"replies":[{"embeddable":true,"href":"https:\/\/linitiative.ca\/International\/wp-json\/wp\/v2\/comments?post=145470"}],"version-history":[{"count":0,"href":"https:\/\/linitiative.ca\/International\/wp-json\/wp\/v2\/posts\/145470\/revisions"}],"wp:attachment":[{"href":"https:\/\/linitiative.ca\/International\/wp-json\/wp\/v2\/media?parent=145470"}],"wp:term":[{"taxonomy":"category","embeddable":true,"href":"https:\/\/linitiative.ca\/International\/wp-json\/wp\/v2\/categories?post=145470"},{"taxonomy":"post_tag","embeddable":true,"href":"https:\/\/linitiative.ca\/International\/wp-json\/wp\/v2\/tags?post=145470"}],"curies":[{"name":"wp","href":"https:\/\/api.w.org\/{rel}","templated":true}]}}