{"id":145472,"date":"2022-04-13T19:37:49","date_gmt":"2022-04-13T23:37:49","guid":{"rendered":"https:\/\/linitiative.ca\/International\/renforcement-de-la-flotte-de-transport-urbain-de-oujda-avec-5-autobus\/"},"modified":"2022-04-13T19:37:49","modified_gmt":"2022-04-13T23:37:49","slug":"renforcement-de-la-flotte-de-transport-urbain-de-oujda-avec-5-autobus","status":"publish","type":"post","link":"https:\/\/linitiative.ca\/International\/renforcement-de-la-flotte-de-transport-urbain-de-oujda-avec-5-autobus\/","title":{"rendered":"Renforcement de la flotte de transport urbain de Oujda avec 5 autobus"},"content":{"rendered":"<div>\n<div style=\"margin-bottom:20px;\"><img loading=\"lazy\" decoding=\"async\" width=\"750\" height=\"430\" src=\"https:\/\/linitiative.ca\/International\/wp-content\/uploads\/sites\/23\/2022\/04\/Autobus-Oujda-Mobilis-750C397430-MAP.jpg\" class=\"attachment-post-thumbnail size-post-thumbnail wp-post-image\" alt=\"\" srcset=\"https:\/\/linitiative.ca\/International\/wp-content\/uploads\/sites\/23\/2022\/04\/Autobus-Oujda-Mobilis-750C397430-MAP.jpg 750w, https:\/\/www.mapoujda.ma\/map\/uploads\/2022\/04\/Autobus-Oujda-Mobilis-750\u00d7430-MAP-300x172.jpg 300w\" sizes=\"auto, (max-width: 750px) 100vw, 750px\"><\/div>\n<p style=\"text-align: justify;\">La flotte du transport public urbain de la ville d\u2019Oujda s\u2019est renforc\u00e9e par l\u2019entr\u00e9e en service de 5 nouveaux autobus de nouvelle g\u00e9n\u00e9ration, dot\u00e9s de technologies avanc\u00e9es et respectueux de l\u2019environnement.<\/p>\n<p style=\"text-align: justify;\">Le d\u00e9ploiement de ces nouveaux bus, mis en service par la soci\u00e9t\u00e9 d\u00e9l\u00e9gataire du transport public urbain d\u2019Oujda \u00ab\u00a0Mobilys Dev\u00a0\u00bb, a pour objectif d\u2019am\u00e9liorer la qualit\u00e9 des services fournis aux usagers.<\/p>\n<p style=\"text-align: justify;\">Dans une d\u00e9claration \u00e0 la presse \u00e0 cette occasion, le PDG de la soci\u00e9t\u00e9 d\u00e9l\u00e9gataire, Ali Motii, a indiqu\u00e9 que d\u2019autres nouveaux autobus seront mis en service prochainement, pour atteindre un total de 20 bus de nouvelle g\u00e9n\u00e9ration d\u2019ici la fin de l\u2019\u00e9t\u00e9 prochain.<\/p>\n<p style=\"text-align: justify;\">De son c\u00f4t\u00e9, le pr\u00e9sident de la commune d\u2019Oujda, Mohamed Azzaoui, a soulign\u00e9 que cet investissement s\u2019inscrit dans le cadre de l\u2019am\u00e9lioration de la qualit\u00e9 du service public de transport urbain, conform\u00e9ment aux termes de l\u2019avenant au contrat de gestion d\u00e9l\u00e9gu\u00e9e de ce service.<\/p>\n<p>L\u2019article <a rel=\"nofollow\" href=\"https:\/\/www.mapoujda.ma\/fr\/renforcement-de-la-flotte-de-transport-urbain-de-oujda-avec-5-autobus\/\">Renforcement de la flotte de transport urbain de Oujda avec 5 autobus<\/a> est apparu en premier sur <a rel=\"nofollow\" href=\"https:\/\/www.mapoujda.ma\/fr\">MapOujda<\/a>.<\/p>\n<\/div>\n<p>Auteur: Soufiane ELAHMAR<br \/>\n<a href=\"https:\/\/www.mapoujda.ma\/fr\/renforcement-de-la-flotte-de-transport-urbain-de-oujda-avec-5-autobus\/\">Cliquez ici pour lire l&rsquo;article depuis sa source.<\/a><\/p>\n","protected":false},"excerpt":{"rendered":"<p>La flotte du transport public urbain de la ville d\u2019Oujda s\u2019est renforc\u00e9e par l\u2019entr\u00e9e en service de 5 nouveaux autobus de nouvelle g\u00e9n\u00e9ration, dot\u00e9s de technologies avanc\u00e9es et respectueux de l\u2019environnement. Le d\u00e9ploiement de ces nouveaux bus, mis en service par la soci\u00e9t\u00e9 d\u00e9l\u00e9gataire du transport public urbain d\u2019Oujda \u00ab\u00a0Mobilys Dev\u00a0\u00bb, a pour objectif d\u2019am\u00e9liorer [&hellip;]<\/p>\n","protected":false},"author":1788,"featured_media":0,"comment_status":"closed","ping_status":"closed","sticky":false,"template":"","format":"standard","meta":{"fifu_image_url":"https:\/\/www.mapoujda.ma\/map\/uploads\/2022\/04\/Autobus-Oujda-Mobilis-750\u00d7430-MAP.jpg","fifu_image_alt":"Renforcement de la flotte de transport urbain de Oujda avec 5 autobus","footnotes":""},"categories":[54,76],"tags":[],"class_list":["post-145472","post","type-post","status-publish","format-standard","hentry","category-maroc","category-regions"],"_links":{"self":[{"href":"https:\/\/linitiative.ca\/International\/wp-json\/wp\/v2\/posts\/145472","targetHints":{"allow":["GET"]}}],"collection":[{"href":"https:\/\/linitiative.ca\/International\/wp-json\/wp\/v2\/posts"}],"about":[{"href":"https:\/\/linitiative.ca\/International\/wp-json\/wp\/v2\/types\/post"}],"author":[{"embeddable":true,"href":"https:\/\/linitiative.ca\/International\/wp-json\/wp\/v2\/users\/1788"}],"replies":[{"embeddable":true,"href":"https:\/\/linitiative.ca\/International\/wp-json\/wp\/v2\/comments?post=145472"}],"version-history":[{"count":0,"href":"https:\/\/linitiative.ca\/International\/wp-json\/wp\/v2\/posts\/145472\/revisions"}],"wp:attachment":[{"href":"https:\/\/linitiative.ca\/International\/wp-json\/wp\/v2\/media?parent=145472"}],"wp:term":[{"taxonomy":"category","embeddable":true,"href":"https:\/\/linitiative.ca\/International\/wp-json\/wp\/v2\/categories?post=145472"},{"taxonomy":"post_tag","embeddable":true,"href":"https:\/\/linitiative.ca\/International\/wp-json\/wp\/v2\/tags?post=145472"}],"curies":[{"name":"wp","href":"https:\/\/api.w.org\/{rel}","templated":true}]}}