{"id":145476,"date":"2022-04-14T14:15:15","date_gmt":"2022-04-14T18:15:15","guid":{"rendered":"https:\/\/linitiative.ca\/International\/le-retour-a-un-ramadan-normal-nest-pas-pour-deplaire-aux-oujdis\/"},"modified":"2022-04-14T14:15:15","modified_gmt":"2022-04-14T18:15:15","slug":"le-retour-a-un-ramadan-normal-nest-pas-pour-deplaire-aux-oujdis","status":"publish","type":"post","link":"https:\/\/linitiative.ca\/International\/le-retour-a-un-ramadan-normal-nest-pas-pour-deplaire-aux-oujdis\/","title":{"rendered":"Le retour \u00e0 un Ramadan \u00ab\u00a0normal\u00a0\u00bb n\u2019est pas pour d\u00e9plaire aux Oujdis !"},"content":{"rendered":"<div>\n<div style=\"margin-bottom:20px;\"><img loading=\"lazy\" decoding=\"async\" width=\"750\" height=\"430\" src=\"https:\/\/linitiative.ca\/International\/wp-content\/uploads\/sites\/23\/2022\/04\/oujda-assouplissement-confinement-M750C397430-MAP.jpg\" class=\"attachment-post-thumbnail size-post-thumbnail wp-post-image\" alt=\"\" srcset=\"https:\/\/linitiative.ca\/International\/wp-content\/uploads\/sites\/23\/2022\/04\/oujda-assouplissement-confinement-M750C397430-MAP.jpg 750w, https:\/\/www.mapoujda.ma\/map\/uploads\/2020\/06\/oujda-assouplissement-confinement-M750\u00d7430-MAP-300x172.jpg 300w\" sizes=\"auto, (max-width: 750px) 100vw, 750px\"><\/div>\n<p style=\"text-align: justify;\">Apr\u00e8s deux ann\u00e9es chahut\u00e9es par la pand\u00e9mie de la Covid-19, le retour \u00e0 un Ramadan \u201cnormal\u201d, lib\u00e9r\u00e9 de la plupart des contraintes li\u00e9es \u00e0 la situation \u00e9pid\u00e9miologique, n\u2019est pas pour d\u00e9plaire aux habitants de la ville d\u2019Oujda, comme ailleurs au Maroc, qui ont pu renouer avec les traditions et rituels marquant ce mois sacr\u00e9.<\/p>\n<p style=\"text-align: justify;\">Si la pand\u00e9mie n\u2019est pas encore finie et que les gestes et bonnes pratiques de pr\u00e9caution restent de mise, il n\u2019en est pas moins vrai que Ramadan est marqu\u00e9 cette ann\u00e9e par le retour \u00e0 la normalit\u00e9, que ce soit pour l\u2019accomplissement de rites comme la pri\u00e8re de Tarawih dans les mosqu\u00e9es, la fr\u00e9quentation des march\u00e9s pour pr\u00e9parer les sp\u00e9cialit\u00e9s culinaires et acqu\u00e9rir les habits traditionnels ou encore les sorties nocturnes apr\u00e8s le F\u2019tour.<\/p>\n<p style=\"text-align: justify;\">Un soulagement pour les habitants de cette ville, connue pour l\u2019ambiance de pi\u00e9t\u00e9 et les traditions ancestrales qui accompagnent la c\u00e9l\u00e9bration du mois b\u00e9ni et font partie de l\u2019h\u00e9ritage culturel et civilisationnel de la Cit\u00e9 Mill\u00e9naire.<\/p>\n<p style=\"text-align: justify;\">Une tourn\u00e9e dans les march\u00e9s de la ville, en particulier ceux de la m\u00e9dina, suffit pour constater la forte affluence des citoyens qui font leurs courses surtout pour pr\u00e9parer les sp\u00e9cialit\u00e9s culinaires servies pendant le F\u2019tour, \u00e0 commencer par l\u2019ind\u00e9tr\u00f4nable Harira.<\/p>\n<p style=\"text-align: justify;\">Les commerces et vendeurs sp\u00e9cialis\u00e9s dans la pr\u00e9paration et la vente de g\u00e2teaux et friandises traditionnels voient leur chiffre d\u2019affaires grimper \u00e0 l\u2019occasion de ce mois sacr\u00e9, compte tenu de l\u2019engouement pour des produits pris\u00e9s comme la Chebbakia, Makrout, Zlabia, Ka\u00e2k, Briwat et chamia.<\/p>\n<p style=\"text-align: justify;\">D\u2019autres produits phares du Ramadan, comme les dattes, connaissent \u00e9galement une hausse de la demande, comme le confirme Mounir, un marchant ambulant approch\u00e9 par \u201cM24\u201d, la cha\u00eene d\u2019information en continu de la MAP dans la m\u00e9dina, qui n\u2019a pas cach\u00e9 sa satisfaction pour la reprise de l\u2019activit\u00e9 commerciale ramadanesque, en comparaison avec les niveaux constat\u00e9s durant les deux derni\u00e8res ann\u00e9es.<\/p>\n<p style=\"text-align: justify;\">Ali, un commer\u00e7ant de dattes, de fruits secs et d\u2019\u00e9pices install\u00e9 pr\u00e8s de l\u2019embl\u00e9matique Bab Sidi Abdelouahab, principale porte d\u2019entr\u00e9e au march\u00e9 de la m\u00e9dina, a confirm\u00e9 la bonne sant\u00e9 de l\u2019activit\u00e9 commerciale li\u00e9e au mois sacr\u00e9, par rapport \u00e0 la m\u00eame p\u00e9riode des deux derni\u00e8res ann\u00e9es.<\/p>\n<p style=\"text-align: justify;\">\u201cOn remarque une certaine am\u00e9lioration par rapport aux derni\u00e8res ann\u00e9es. On esp\u00e8re que la reprise sera p\u00e9renne, car les commer\u00e7ants ont beaucoup souffert des r\u00e9percussions de la pand\u00e9mie\u201d, a d\u00e9clar\u00e9 Noureddine, un autre commer\u00e7ant de la m\u00e9dina, notant au passage que les march\u00e9s sont abondamment approvisionn\u00e9s en produits de consommation, notamment ceux particuli\u00e8rement pris\u00e9s durant le mois sacr\u00e9.<\/p>\n<p style=\"text-align: justify;\">A cet \u00e9gard, il convient de souligner la forte mobilisation des autorit\u00e9s locales afin de garantir un approvisionnement r\u00e9gulier des march\u00e9s en diff\u00e9rents produits alimentaires, et assurer le contr\u00f4le de la qualit\u00e9 et des prix.<\/p>\n<p style=\"text-align: justify;\">Le retour des pri\u00e8res de Tarawih est aussi un fait marquant de ce Ramadan post-Covid. Les fid\u00e8les affluent massivement aux mosqu\u00e9es pour accomplir ce rite apr\u00e8s la pri\u00e8re d\u2019Al-Ichaa\u2019, ce qui permet de renouer avec une ambiance ramadanesque particuli\u00e8re, dans cette ville connue pour abriter un grand nombre de mosqu\u00e9es.<\/p>\n<p style=\"text-align: justify;\">Par ailleurs, les habitants peuvent d\u00e9sormais se d\u00e9placer librement apr\u00e8s la rupture du je\u00fbne, apr\u00e8s deux Ramadans marqu\u00e9s par de fortes restrictions limitant les d\u00e9placements nocturnes au strict n\u00e9cessaire, dans le but de freiner la propagation de la pand\u00e9mie du nouveau coronavirus.<\/p>\n<p style=\"text-align: justify;\">Ainsi, les visites familiales et les rencontres humaines se voient facilit\u00e9es, durant ce mois b\u00e9ni o\u00f9 les fid\u00e8les sont vivement encourag\u00e9s \u00e0 raffermir leurs liens avec leurs proches et promouvoir l\u2019esprit de fraternit\u00e9 et de solidarit\u00e9.<\/p>\n<p style=\"text-align: justify;\">Les sorties apr\u00e8s le F\u2019tour ont \u00e9galement pour effet de redonner vie \u00e0 la ville et animer ses espaces, ses commerces et son secteur des services, en particulier les caf\u00e9s et restaurants, contrairement \u00e0 ce qui a \u00e9t\u00e9 le cas durant la m\u00eame p\u00e9riode des deux derni\u00e8res ann\u00e9es.<\/p>\n<p>L\u2019article <a rel=\"nofollow\" href=\"https:\/\/www.mapoujda.ma\/fr\/le-retour-a-un-ramadan-normal-nest-pas-pour-deplaire-aux-oujdis\/\">Le retour \u00e0 un Ramadan \u00ab\u00a0normal\u00a0\u00bb n\u2019est pas pour d\u00e9plaire aux Oujdis !<\/a> est apparu en premier sur <a rel=\"nofollow\" href=\"https:\/\/www.mapoujda.ma\/fr\">MapOujda<\/a>.<\/p>\n<\/div>\n<p>Auteur: Soufiane ELAHMAR<br \/>\n<a href=\"https:\/\/www.mapoujda.ma\/fr\/le-retour-a-un-ramadan-normal-nest-pas-pour-deplaire-aux-oujdis\/\">Cliquez ici pour lire l&rsquo;article depuis sa source.<\/a><\/p>\n","protected":false},"excerpt":{"rendered":"<p>Apr\u00e8s deux ann\u00e9es chahut\u00e9es par la pand\u00e9mie de la Covid-19, le retour \u00e0 un Ramadan \u201cnormal\u201d, lib\u00e9r\u00e9 de la plupart des contraintes li\u00e9es \u00e0 la situation \u00e9pid\u00e9miologique, n\u2019est pas pour d\u00e9plaire aux habitants de la ville d\u2019Oujda, comme ailleurs au Maroc, qui ont pu renouer avec les traditions et rituels marquant ce mois sacr\u00e9. Si [&hellip;]<\/p>\n","protected":false},"author":1788,"featured_media":0,"comment_status":"closed","ping_status":"closed","sticky":false,"template":"","format":"standard","meta":{"fifu_image_url":"https:\/\/www.mapoujda.ma\/map\/uploads\/2020\/06\/oujda-assouplissement-confinement-M750\u00d7430-MAP.jpg","fifu_image_alt":"Le retour \u00e0 un Ramadan \u00ab\u00a0normal\u00a0\u00bb n\u2019est pas pour d\u00e9plaire aux Oujdis !","footnotes":""},"categories":[54,76],"tags":[],"class_list":["post-145476","post","type-post","status-publish","format-standard","hentry","category-maroc","category-regions"],"_links":{"self":[{"href":"https:\/\/linitiative.ca\/International\/wp-json\/wp\/v2\/posts\/145476","targetHints":{"allow":["GET"]}}],"collection":[{"href":"https:\/\/linitiative.ca\/International\/wp-json\/wp\/v2\/posts"}],"about":[{"href":"https:\/\/linitiative.ca\/International\/wp-json\/wp\/v2\/types\/post"}],"author":[{"embeddable":true,"href":"https:\/\/linitiative.ca\/International\/wp-json\/wp\/v2\/users\/1788"}],"replies":[{"embeddable":true,"href":"https:\/\/linitiative.ca\/International\/wp-json\/wp\/v2\/comments?post=145476"}],"version-history":[{"count":0,"href":"https:\/\/linitiative.ca\/International\/wp-json\/wp\/v2\/posts\/145476\/revisions"}],"wp:attachment":[{"href":"https:\/\/linitiative.ca\/International\/wp-json\/wp\/v2\/media?parent=145476"}],"wp:term":[{"taxonomy":"category","embeddable":true,"href":"https:\/\/linitiative.ca\/International\/wp-json\/wp\/v2\/categories?post=145476"},{"taxonomy":"post_tag","embeddable":true,"href":"https:\/\/linitiative.ca\/International\/wp-json\/wp\/v2\/tags?post=145476"}],"curies":[{"name":"wp","href":"https:\/\/api.w.org\/{rel}","templated":true}]}}