{"id":145480,"date":"2022-04-14T10:57:06","date_gmt":"2022-04-14T14:57:06","guid":{"rendered":"https:\/\/linitiative.ca\/International\/maroc-croissance-les-nouvelles-previsions-de-la-banque-mondiale\/"},"modified":"2022-04-14T10:57:06","modified_gmt":"2022-04-14T14:57:06","slug":"maroc-croissance-les-nouvelles-previsions-de-la-banque-mondiale","status":"publish","type":"post","link":"https:\/\/linitiative.ca\/International\/maroc-croissance-les-nouvelles-previsions-de-la-banque-mondiale\/","title":{"rendered":"Maroc\/ Croissance: Les nouvelles pr\u00e9visions de la Banque Mondiale"},"content":{"rendered":"<div>\n<div class=\"field field-name-body field-type-text-with-summary field-label-hidden\">\n<div class=\"field-items\">\n<div class=\"field-item even\" property=\"content:encoded\">\n<p class=\"rtejustify\">La Banque Mondiale a d\u00e9voil\u00e9, jeudi, ses nouvelles pr\u00e9visions de croissance pour les pays de la r\u00e9gion Moyen-Orient et Afrique du Nord (MENA). Et les nouvelles ne sont pas rassurantes pour le Royaume. L\u2019institution s\u2019attend, en effet; \u00e0 une croissance de 1,1% en 2022, soit la moins \u00e9lev\u00e9e parmi les pays concern\u00e9s. Le Maroc, qui fait partie des deux pays avec les meilleurs taux de vaccination de la r\u00e9gion, continuerait de subir les effets de la conjoncture mondiale marqu\u00e9e par le conflit en Ukraine et la pand\u00e9mie.<\/p>\n<\/div>\n<\/div>\n<\/div>\n<\/div>\n<p>Auteur: hgueye<br \/>\n<a href=\"https:\/\/www.leconomiste.com\/flash-infos\/maroc-croissance-les-nouvelles-previsions-de-la-banque-mondiale\">Cliquez ici pour lire l&rsquo;article depuis sa source.<\/a><\/p>\n","protected":false},"excerpt":{"rendered":"<p>La Banque Mondiale a d\u00e9voil\u00e9, jeudi, ses nouvelles pr\u00e9visions de croissance pour les pays de la r\u00e9gion Moyen-Orient et Afrique du Nord (MENA). Et les nouvelles ne sont pas rassurantes pour le Royaume. L\u2019institution s\u2019attend, en effet; \u00e0 une croissance de 1,1% en 2022, soit la moins \u00e9lev\u00e9e parmi les pays concern\u00e9s. Le Maroc, qui [&hellip;]<\/p>\n","protected":false},"author":1763,"featured_media":0,"comment_status":"closed","ping_status":"closed","sticky":false,"template":"","format":"standard","meta":{"fifu_image_url":"","fifu_image_alt":"","footnotes":""},"categories":[78,54],"tags":[],"class_list":["post-145480","post","type-post","status-publish","format-standard","hentry","category-economie","category-maroc"],"_links":{"self":[{"href":"https:\/\/linitiative.ca\/International\/wp-json\/wp\/v2\/posts\/145480","targetHints":{"allow":["GET"]}}],"collection":[{"href":"https:\/\/linitiative.ca\/International\/wp-json\/wp\/v2\/posts"}],"about":[{"href":"https:\/\/linitiative.ca\/International\/wp-json\/wp\/v2\/types\/post"}],"author":[{"embeddable":true,"href":"https:\/\/linitiative.ca\/International\/wp-json\/wp\/v2\/users\/1763"}],"replies":[{"embeddable":true,"href":"https:\/\/linitiative.ca\/International\/wp-json\/wp\/v2\/comments?post=145480"}],"version-history":[{"count":0,"href":"https:\/\/linitiative.ca\/International\/wp-json\/wp\/v2\/posts\/145480\/revisions"}],"wp:attachment":[{"href":"https:\/\/linitiative.ca\/International\/wp-json\/wp\/v2\/media?parent=145480"}],"wp:term":[{"taxonomy":"category","embeddable":true,"href":"https:\/\/linitiative.ca\/International\/wp-json\/wp\/v2\/categories?post=145480"},{"taxonomy":"post_tag","embeddable":true,"href":"https:\/\/linitiative.ca\/International\/wp-json\/wp\/v2\/tags?post=145480"}],"curies":[{"name":"wp","href":"https:\/\/api.w.org\/{rel}","templated":true}]}}