{"id":145489,"date":"2022-04-14T04:20:00","date_gmt":"2022-04-14T08:20:00","guid":{"rendered":"https:\/\/linitiative.ca\/International\/rafik-el-kamel-un-livret-en-hommage-a-lartiste-peintre\/"},"modified":"2022-04-14T04:20:00","modified_gmt":"2022-04-14T08:20:00","slug":"rafik-el-kamel-un-livret-en-hommage-a-lartiste-peintre","status":"publish","type":"post","link":"https:\/\/linitiative.ca\/International\/rafik-el-kamel-un-livret-en-hommage-a-lartiste-peintre\/","title":{"rendered":"Rafik El Kamel: Un livret en hommage \u00e0 l\u2019artiste-peintre"},"content":{"rendered":"<div><img decoding=\"async\" src=\"https:\/\/linitiative.ca\/International\/wp-content\/uploads\/sites\/23\/2022\/04\/1649921357_article.jpg\" alt=\"Rafik El Kamel: Un livret en hommage \u00e0 l\u2019artiste-peintre\" align=\"left\">Un an apr\u00e8s sa disparition, le 12 mars 2021, l\u2019artiste peintre Rafik El Kamel vient de faire l\u2019objet d\u2019un premier hommage posthume, digne de son parcours, de son \u0153uvre et de son personnage. Il s\u2019agit d\u2019un livret d\u2019une centaine de pages, en arabe et en fran\u00e7ais, \u00e9dit\u00e9 par l\u2019Acad\u00e9mie tunisienne des sciences, des lettres et des arts, Beit al-Hikma. Il regroupe les t\u00e9moignages de disciples, d\u2019artistes-peintres, de critiques d\u2019art et d\u2019amis, avec un album photo en illustration. Tour \u00e0 tour, Khaled Bachhamba, Moncef Guellaty, Moncef Haddad, Sleh Hamzaoui, Jack Lang, Albert Sim\u00e9oni, Youssef Seddik, Zoubeir Lasram, et Rachida Triki \u00e9gr\u00e8nent, dans la partie en langue &#8230;<\/p>\n<\/div>\n<p>Auteur:<br \/>\n<a href=\"https:\/\/www.leaders.com.tn\/article\/33243-rafik-el-kamel-un-livret-en-hommage-a-l-artiste-peintre\">Cliquez ici pour lire l&rsquo;article depuis sa source.<\/a><\/p>\n","protected":false},"excerpt":{"rendered":"<p>Un an apr\u00e8s sa disparition, le 12 mars 2021, l\u2019artiste peintre Rafik El Kamel vient de faire l\u2019objet d\u2019un premier hommage posthume, digne de son parcours, de son \u0153uvre et de son personnage. Il s\u2019agit d\u2019un livret d\u2019une centaine de pages, en arabe et en fran\u00e7ais, \u00e9dit\u00e9 par l\u2019Acad\u00e9mie tunisienne des sciences, des lettres et [&hellip;]<\/p>\n","protected":false},"author":1772,"featured_media":0,"comment_status":"closed","ping_status":"closed","sticky":false,"template":"","format":"standard","meta":{"fifu_image_url":"http:\/\/www.leaders.com.tn\/uploads\/content\/thumbnails_small\/1649921357_article.jpg","fifu_image_alt":"Rafik El Kamel: Un livret en hommage \u00e0 l\u2019artiste-peintre","footnotes":""},"categories":[73,55],"tags":[],"class_list":["post-145489","post","type-post","status-publish","format-standard","hentry","category-actualite","category-tunisie"],"_links":{"self":[{"href":"https:\/\/linitiative.ca\/International\/wp-json\/wp\/v2\/posts\/145489","targetHints":{"allow":["GET"]}}],"collection":[{"href":"https:\/\/linitiative.ca\/International\/wp-json\/wp\/v2\/posts"}],"about":[{"href":"https:\/\/linitiative.ca\/International\/wp-json\/wp\/v2\/types\/post"}],"author":[{"embeddable":true,"href":"https:\/\/linitiative.ca\/International\/wp-json\/wp\/v2\/users\/1772"}],"replies":[{"embeddable":true,"href":"https:\/\/linitiative.ca\/International\/wp-json\/wp\/v2\/comments?post=145489"}],"version-history":[{"count":0,"href":"https:\/\/linitiative.ca\/International\/wp-json\/wp\/v2\/posts\/145489\/revisions"}],"wp:attachment":[{"href":"https:\/\/linitiative.ca\/International\/wp-json\/wp\/v2\/media?parent=145489"}],"wp:term":[{"taxonomy":"category","embeddable":true,"href":"https:\/\/linitiative.ca\/International\/wp-json\/wp\/v2\/categories?post=145489"},{"taxonomy":"post_tag","embeddable":true,"href":"https:\/\/linitiative.ca\/International\/wp-json\/wp\/v2\/tags?post=145489"}],"curies":[{"name":"wp","href":"https:\/\/api.w.org\/{rel}","templated":true}]}}