{"id":14549,"date":"2019-02-15T15:15:45","date_gmt":"2019-02-15T20:15:45","guid":{"rendered":"https:\/\/linitiative.ca\/International\/international-apres-chelsea-un-autre-cador-europeen-en-course-pour-zidane\/"},"modified":"2019-02-15T15:15:45","modified_gmt":"2019-02-15T20:15:45","slug":"international-apres-chelsea-un-autre-cador-europeen-en-course-pour-zidane","status":"publish","type":"post","link":"https:\/\/linitiative.ca\/International\/international-apres-chelsea-un-autre-cador-europeen-en-course-pour-zidane\/","title":{"rendered":"International : Apr\u00e8s Chelsea, un autre cador europ\u00e9en en course pour Zidane ?"},"content":{"rendered":"<div readability=\"32\">\n<p>Auteur : <span class=\"time\">vendredi 15 f\u00e9vrier 2019 15:35<\/span><\/p>\n<\/div>\n<div id=\"post_core\" readability=\"39\">\n<p>Suite aux r\u00e9centes contre-performances de Chelsea en championnat dont une lourde d\u00e9faite conc\u00e9d\u00e9e sur la pelouse de Manchester City (6-0), Maurizio Sarri serait sur la sellette d\u00e8s sa premi\u00e8re saison sur le banc des Blues. Parmi ses potentiels successeurs figurerait le nom de Zinedine Zidane. Le Sun \u00e9voquait d\u2019ailleurs mercredi des pourparlers avec l\u2019entourage du Fran\u00e7ais qui se verrait bien rebondir en Premier League. Mais Zidane susciterait de vives convoitises de l\u2019autre c\u00f4t\u00e9 des Alpes. \u00a0Selon Calciomercato.it, la Juventus pourrait se s\u00e9parer de Massimiliano Allegri en juin prochain, soit un an avant l\u2019expiration de son contrat avec le club bianconeri. La raison serait simple et se nommerait Zinedine Zidane. \u00c0 en croire les informations du m\u00e9dia transalpin, Andrea Agnelli ferait toujours du Fran\u00e7ais sa priorit\u00e9. Le pr\u00e9sident de la Juve l\u2019aurait d\u2019ailleurs approch\u00e9 \u00e0 plusieurs reprises par le pass\u00e9 pour pr\u00e9parer l\u2019apr\u00e8s-Allegri. Reste \u00e0 savoir si Zidane r\u00e9pondra favorablement aux sir\u00e8nes de son ancien club rapporte Le 10 Sport.<\/p>\n<p><strong>Publi\u00e9 dans :<\/strong> <span>Zidane<\/span><\/p>\n<\/div>\n<p>Auteur:<br \/>\n<a href=\"http:\/\/www.lebuteur.com\/article\/detail?titre=apres-chelsea-un-autre-cador-europeen-en-course-pour-zidane&#038;id=86408&#038;utm_source=feedburner&#038;utm_medium=feed&#038;utm_campaign=Feed%3A+GalerieFArtciles+%28Les+derniers+articles++-+lebuteur.com%29\">Cliquez ici pour lire l&rsquo;article depuis sa source.<\/a><\/p>\n","protected":false},"excerpt":{"rendered":"<p>Auteur : vendredi 15 f\u00e9vrier 2019 15:35 Suite aux r\u00e9centes contre-performances de Chelsea en championnat dont une lourde d\u00e9faite conc\u00e9d\u00e9e sur la pelouse de Manchester City (6-0), Maurizio Sarri serait sur la sellette d\u00e8s sa premi\u00e8re saison sur le banc des Blues. Parmi ses potentiels successeurs figurerait le nom de Zinedine Zidane. Le Sun \u00e9voquait [&hellip;]<\/p>\n","protected":false},"author":1738,"featured_media":14550,"comment_status":"closed","ping_status":"closed","sticky":false,"template":"","format":"standard","meta":{"fifu_image_url":"","fifu_image_alt":"","footnotes":""},"categories":[53,75],"tags":[],"class_list":["post-14549","post","type-post","status-publish","format-standard","has-post-thumbnail","hentry","category-algerie","category-sport"],"_links":{"self":[{"href":"https:\/\/linitiative.ca\/International\/wp-json\/wp\/v2\/posts\/14549","targetHints":{"allow":["GET"]}}],"collection":[{"href":"https:\/\/linitiative.ca\/International\/wp-json\/wp\/v2\/posts"}],"about":[{"href":"https:\/\/linitiative.ca\/International\/wp-json\/wp\/v2\/types\/post"}],"author":[{"embeddable":true,"href":"https:\/\/linitiative.ca\/International\/wp-json\/wp\/v2\/users\/1738"}],"replies":[{"embeddable":true,"href":"https:\/\/linitiative.ca\/International\/wp-json\/wp\/v2\/comments?post=14549"}],"version-history":[{"count":0,"href":"https:\/\/linitiative.ca\/International\/wp-json\/wp\/v2\/posts\/14549\/revisions"}],"wp:featuredmedia":[{"embeddable":true,"href":"https:\/\/linitiative.ca\/International\/wp-json\/"}],"wp:attachment":[{"href":"https:\/\/linitiative.ca\/International\/wp-json\/wp\/v2\/media?parent=14549"}],"wp:term":[{"taxonomy":"category","embeddable":true,"href":"https:\/\/linitiative.ca\/International\/wp-json\/wp\/v2\/categories?post=14549"},{"taxonomy":"post_tag","embeddable":true,"href":"https:\/\/linitiative.ca\/International\/wp-json\/wp\/v2\/tags?post=14549"}],"curies":[{"name":"wp","href":"https:\/\/api.w.org\/{rel}","templated":true}]}}