{"id":145491,"date":"2022-04-14T06:07:00","date_gmt":"2022-04-14T10:07:00","guid":{"rendered":"https:\/\/linitiative.ca\/International\/des-jeunes-de-7-a-77-ans-au-festival-du-printemps-de-la-bande-dessinee-a-sfax\/"},"modified":"2022-04-14T06:07:00","modified_gmt":"2022-04-14T10:07:00","slug":"des-jeunes-de-7-a-77-ans-au-festival-du-printemps-de-la-bande-dessinee-a-sfax","status":"publish","type":"post","link":"https:\/\/linitiative.ca\/International\/des-jeunes-de-7-a-77-ans-au-festival-du-printemps-de-la-bande-dessinee-a-sfax\/","title":{"rendered":"Des jeunes de 7 \u00e0 77 ans au Festival du Printemps de la Bande Dessin\u00e9e \u00e0 Sfax"},"content":{"rendered":"<div><img decoding=\"async\" src=\"https:\/\/linitiative.ca\/International\/wp-content\/uploads\/sites\/23\/2022\/04\/1649927669_article.jpg\" alt=\"Des jeunes de 7 \u00e0 77 ans au -Festival du Printemps de la Bande Dessin\u00e9e-  \u00e0 Sfax\" align=\"left\">Par Arsel\u00e8ne Ben Farhat &#8211; Alors que la ville de Sfax est envahie, depuis plus de huit mois, par les ordures et les d\u00e9chets g\u00e9n\u00e9rant une atmosph\u00e8re naus\u00e9abonde et une situation intenable pour les habitants, la septi\u00e8me \u00e9dition du \u00abFestival du Printemps de la Bande Dessin\u00e9e\u00bb qui a eu lieu au mois de mars 2022 sous la direction de M. H\u00e9di Megdiche apparait comme une belle \u00e9claircie.<br \/>\nEn effet, cette manifestation a permis d\u2019animer la ville de Sfax et de cr\u00e9er une atmosph\u00e8re de bonne humeur, de jeux, de partage et d\u2019\u00e9changes dans les diff\u00e9rents espaces de la capitale du sud: la M\u00e9dina, Fondok Hadadine, le Complexe Culturel Mohamed Jamoussi, Dar Baya, la Foire du livre pour &#8230;<\/p>\n<\/div>\n<p>Auteur:<br \/>\n<a href=\"https:\/\/www.leaders.com.tn\/article\/33244-des-jeunes-de-7-a-77-ans-au-festival-du-printemps-de-la-bande-dessinee-a-sfax\">Cliquez ici pour lire l&rsquo;article depuis sa source.<\/a><\/p>\n","protected":false},"excerpt":{"rendered":"<p>Par Arsel\u00e8ne Ben Farhat &#8211; Alors que la ville de Sfax est envahie, depuis plus de huit mois, par les ordures et les d\u00e9chets g\u00e9n\u00e9rant une atmosph\u00e8re naus\u00e9abonde et une situation intenable pour les habitants, la septi\u00e8me \u00e9dition du \u00abFestival du Printemps de la Bande Dessin\u00e9e\u00bb qui a eu lieu au mois de mars 2022 [&hellip;]<\/p>\n","protected":false},"author":1772,"featured_media":0,"comment_status":"closed","ping_status":"closed","sticky":false,"template":"","format":"standard","meta":{"fifu_image_url":"http:\/\/www.leaders.com.tn\/uploads\/content\/thumbnails_small\/1649927669_article.jpg","fifu_image_alt":"Des jeunes de 7 \u00e0 77 ans au Festival du Printemps de la Bande Dessin\u00e9e \u00e0 Sfax","footnotes":""},"categories":[73,55],"tags":[],"class_list":["post-145491","post","type-post","status-publish","format-standard","hentry","category-actualite","category-tunisie"],"_links":{"self":[{"href":"https:\/\/linitiative.ca\/International\/wp-json\/wp\/v2\/posts\/145491","targetHints":{"allow":["GET"]}}],"collection":[{"href":"https:\/\/linitiative.ca\/International\/wp-json\/wp\/v2\/posts"}],"about":[{"href":"https:\/\/linitiative.ca\/International\/wp-json\/wp\/v2\/types\/post"}],"author":[{"embeddable":true,"href":"https:\/\/linitiative.ca\/International\/wp-json\/wp\/v2\/users\/1772"}],"replies":[{"embeddable":true,"href":"https:\/\/linitiative.ca\/International\/wp-json\/wp\/v2\/comments?post=145491"}],"version-history":[{"count":0,"href":"https:\/\/linitiative.ca\/International\/wp-json\/wp\/v2\/posts\/145491\/revisions"}],"wp:attachment":[{"href":"https:\/\/linitiative.ca\/International\/wp-json\/wp\/v2\/media?parent=145491"}],"wp:term":[{"taxonomy":"category","embeddable":true,"href":"https:\/\/linitiative.ca\/International\/wp-json\/wp\/v2\/categories?post=145491"},{"taxonomy":"post_tag","embeddable":true,"href":"https:\/\/linitiative.ca\/International\/wp-json\/wp\/v2\/tags?post=145491"}],"curies":[{"name":"wp","href":"https:\/\/api.w.org\/{rel}","templated":true}]}}