{"id":145495,"date":"2022-04-14T11:33:33","date_gmt":"2022-04-14T15:33:33","guid":{"rendered":"https:\/\/linitiative.ca\/International\/face-a-la-tempete-de-lagilite-par-jamal-berraoui\/"},"modified":"2022-04-14T11:33:33","modified_gmt":"2022-04-14T15:33:33","slug":"face-a-la-tempete-de-lagilite-par-jamal-berraoui","status":"publish","type":"post","link":"https:\/\/linitiative.ca\/International\/face-a-la-tempete-de-lagilite-par-jamal-berraoui\/","title":{"rendered":"Face \u00e0 la temp\u00eate\u00a0: de l\u2019agilit\u00e9 [Par Jamal Berraoui]"},"content":{"rendered":"<div><img decoding=\"async\" width=\"613\" height=\"366\" src=\"https:\/\/linitiative.ca\/International\/wp-content\/uploads\/sites\/23\/2022\/04\/agriculture-maroc-14.jpg\" class=\"attachment-post-thumbnail size-post-thumbnail wp-post-image\" alt=\"\" loading=\"lazy\" srcset=\"https:\/\/linitiative.ca\/International\/wp-content\/uploads\/sites\/23\/2022\/04\/agriculture-maroc-14.jpg 613w, https:\/\/www.challenge.ma\/wp-content\/uploads\/2022\/04\/agriculture-maroc-14-300x179.jpg 300w, https:\/\/www.challenge.ma\/wp-content\/uploads\/2022\/04\/agriculture-maroc-14-360x215.jpg 360w\" sizes=\"auto, (max-width: 613px) 100vw, 613px\" itemprop=\"image\">Le programme gouvernemental a \u00e9t\u00e9 violemment percut\u00e9 par quatre \u00e9l\u00e9ments exog\u00e8nes\u00a0: la s\u00e9cheresse, l\u2019inflation, le co\u00fbt de l\u2019\u00e9nergie et les ruptures de cha\u00eenes au niveau du march\u00e9 mondial. L\u2019ex\u00e9cutif n\u2019a aucune responsabilit\u00e9 dans ces \u00e9v\u00e8nements, il en subit les cons\u00e9quences. La s\u00e9cheresse est un ph\u00e9nom\u00e8ne naturel, le Maroc pays semi-aride<\/div>\n<p>Auteur: Jamal Berraoui<br \/>\n<a href=\"https:\/\/www.challenge.ma\/face-a-la-tempete-de-lagilite-236738\/\">Cliquez ici pour lire l&rsquo;article depuis sa source.<\/a><\/p>\n","protected":false},"excerpt":{"rendered":"<p>Le programme gouvernemental a \u00e9t\u00e9 violemment percut\u00e9 par quatre \u00e9l\u00e9ments exog\u00e8nes\u00a0: la s\u00e9cheresse, l\u2019inflation, le co\u00fbt de l\u2019\u00e9nergie et les ruptures de cha\u00eenes au niveau du march\u00e9 mondial. L\u2019ex\u00e9cutif n\u2019a aucune responsabilit\u00e9 dans ces \u00e9v\u00e8nements, il en subit les cons\u00e9quences. La s\u00e9cheresse est un ph\u00e9nom\u00e8ne naturel, le Maroc pays semi-aride Auteur: Jamal Berraoui Cliquez ici [&hellip;]<\/p>\n","protected":false},"author":1787,"featured_media":0,"comment_status":"closed","ping_status":"closed","sticky":false,"template":"","format":"standard","meta":{"fifu_image_url":"https:\/\/www.challenge.ma\/wp-content\/uploads\/2022\/04\/agriculture-maroc-14.jpg","fifu_image_alt":"Face \u00e0 la temp\u00eate\u00a0: de l\u2019agilit\u00e9 [Par Jamal Berraoui]","footnotes":""},"categories":[78,54],"tags":[],"class_list":["post-145495","post","type-post","status-publish","format-standard","hentry","category-economie","category-maroc"],"_links":{"self":[{"href":"https:\/\/linitiative.ca\/International\/wp-json\/wp\/v2\/posts\/145495","targetHints":{"allow":["GET"]}}],"collection":[{"href":"https:\/\/linitiative.ca\/International\/wp-json\/wp\/v2\/posts"}],"about":[{"href":"https:\/\/linitiative.ca\/International\/wp-json\/wp\/v2\/types\/post"}],"author":[{"embeddable":true,"href":"https:\/\/linitiative.ca\/International\/wp-json\/wp\/v2\/users\/1787"}],"replies":[{"embeddable":true,"href":"https:\/\/linitiative.ca\/International\/wp-json\/wp\/v2\/comments?post=145495"}],"version-history":[{"count":0,"href":"https:\/\/linitiative.ca\/International\/wp-json\/wp\/v2\/posts\/145495\/revisions"}],"wp:attachment":[{"href":"https:\/\/linitiative.ca\/International\/wp-json\/wp\/v2\/media?parent=145495"}],"wp:term":[{"taxonomy":"category","embeddable":true,"href":"https:\/\/linitiative.ca\/International\/wp-json\/wp\/v2\/categories?post=145495"},{"taxonomy":"post_tag","embeddable":true,"href":"https:\/\/linitiative.ca\/International\/wp-json\/wp\/v2\/tags?post=145495"}],"curies":[{"name":"wp","href":"https:\/\/api.w.org\/{rel}","templated":true}]}}