{"id":145497,"date":"2022-04-14T11:39:06","date_gmt":"2022-04-14T15:39:06","guid":{"rendered":"https:\/\/linitiative.ca\/International\/othman-benjelloun-lum6p-et-v-holding-prennent-le-controle-de-valyans-consulting\/"},"modified":"2022-04-14T11:39:06","modified_gmt":"2022-04-14T15:39:06","slug":"othman-benjelloun-lum6p-et-v-holding-prennent-le-controle-de-valyans-consulting","status":"publish","type":"post","link":"https:\/\/linitiative.ca\/International\/othman-benjelloun-lum6p-et-v-holding-prennent-le-controle-de-valyans-consulting\/","title":{"rendered":"Othman Benjelloun, l\u2019UM6P et V-Holding prennent le contr\u00f4le de Valyans Consulting"},"content":{"rendered":"<div><img decoding=\"async\" width=\"660\" height=\"370\" src=\"https:\/\/linitiative.ca\/International\/wp-content\/uploads\/sites\/23\/2022\/04\/bank-of-africa-2.jpg\" class=\"attachment-post-thumbnail size-post-thumbnail wp-post-image\" alt=\"\" loading=\"lazy\" srcset=\"https:\/\/linitiative.ca\/International\/wp-content\/uploads\/sites\/23\/2022\/04\/bank-of-africa-2.jpg 660w, https:\/\/www.challenge.ma\/wp-content\/uploads\/2022\/03\/bank-of-africa-2-300x168.jpg 300w, https:\/\/www.challenge.ma\/wp-content\/uploads\/2022\/03\/bank-of-africa-2-360x202.jpg 360w\" sizes=\"auto, (max-width: 660px) 100vw, 660px\" itemprop=\"image\">Le Conseil de la concurrence a \u00e9t\u00e9 notifi\u00e9 d\u2019un projet de concentration \u00e9conomique concernant l\u2019acquisition du contr\u00f4le conjoint par Interfina (Othman Benjelloun), l\u2019Universit\u00e9 Mohammed VI Polytechnique et V-Holding de la soci\u00e9t\u00e9 Valyans Consulting. L\u2019op\u00e9ration envisag\u00e9e consiste en l\u2019acquisition par l\u2019Universit\u00e9 Mohammed VI Polytechnique d\u2019une participation de 22% dans le capital<\/div>\n<p>Auteur: Mehdi Ouazzani<br \/>\n<a href=\"https:\/\/www.challenge.ma\/othman-benjelloun-lum6p-et-v-holding-prennent-le-controle-de-valyans-consulting-236736\/\">Cliquez ici pour lire l&rsquo;article depuis sa source.<\/a><\/p>\n","protected":false},"excerpt":{"rendered":"<p>Le Conseil de la concurrence a \u00e9t\u00e9 notifi\u00e9 d\u2019un projet de concentration \u00e9conomique concernant l\u2019acquisition du contr\u00f4le conjoint par Interfina (Othman Benjelloun), l\u2019Universit\u00e9 Mohammed VI Polytechnique et V-Holding de la soci\u00e9t\u00e9 Valyans Consulting. L\u2019op\u00e9ration envisag\u00e9e consiste en l\u2019acquisition par l\u2019Universit\u00e9 Mohammed VI Polytechnique d\u2019une participation de 22% dans le capital Auteur: Mehdi Ouazzani Cliquez ici [&hellip;]<\/p>\n","protected":false},"author":1787,"featured_media":0,"comment_status":"closed","ping_status":"closed","sticky":false,"template":"","format":"standard","meta":{"fifu_image_url":"https:\/\/www.challenge.ma\/wp-content\/uploads\/2022\/03\/bank-of-africa-2.jpg","fifu_image_alt":"Othman Benjelloun, l\u2019UM6P et V-Holding prennent le contr\u00f4le de Valyans Consulting","footnotes":""},"categories":[78,54],"tags":[],"class_list":["post-145497","post","type-post","status-publish","format-standard","hentry","category-economie","category-maroc"],"_links":{"self":[{"href":"https:\/\/linitiative.ca\/International\/wp-json\/wp\/v2\/posts\/145497","targetHints":{"allow":["GET"]}}],"collection":[{"href":"https:\/\/linitiative.ca\/International\/wp-json\/wp\/v2\/posts"}],"about":[{"href":"https:\/\/linitiative.ca\/International\/wp-json\/wp\/v2\/types\/post"}],"author":[{"embeddable":true,"href":"https:\/\/linitiative.ca\/International\/wp-json\/wp\/v2\/users\/1787"}],"replies":[{"embeddable":true,"href":"https:\/\/linitiative.ca\/International\/wp-json\/wp\/v2\/comments?post=145497"}],"version-history":[{"count":0,"href":"https:\/\/linitiative.ca\/International\/wp-json\/wp\/v2\/posts\/145497\/revisions"}],"wp:attachment":[{"href":"https:\/\/linitiative.ca\/International\/wp-json\/wp\/v2\/media?parent=145497"}],"wp:term":[{"taxonomy":"category","embeddable":true,"href":"https:\/\/linitiative.ca\/International\/wp-json\/wp\/v2\/categories?post=145497"},{"taxonomy":"post_tag","embeddable":true,"href":"https:\/\/linitiative.ca\/International\/wp-json\/wp\/v2\/tags?post=145497"}],"curies":[{"name":"wp","href":"https:\/\/api.w.org\/{rel}","templated":true}]}}