{"id":145504,"date":"2022-04-14T17:00:18","date_gmt":"2022-04-14T21:00:18","guid":{"rendered":"https:\/\/linitiative.ca\/International\/tunisie-arrestation-de-la-journaliste-chahrazed-akacha\/"},"modified":"2022-04-14T17:00:18","modified_gmt":"2022-04-14T21:00:18","slug":"tunisie-arrestation-de-la-journaliste-chahrazed-akacha","status":"publish","type":"post","link":"https:\/\/linitiative.ca\/International\/tunisie-arrestation-de-la-journaliste-chahrazed-akacha\/","title":{"rendered":"Tunisie \u2013 Arrestation de la journaliste Chahrazed Akacha"},"content":{"rendered":"<div>\n<p>Le journaliste Zied Heni a annonc\u00e9, \u00e0 travers sa page facebook, l\u2019arrestation de sa coll\u00e8gue, Chahrazed Akacha, sur ordre du parquet. Akacha \u00e9tait accus\u00e9e d\u2019avoir port\u00e9 atteinte \u00e0 un policer qu\u2019elle a accus\u00e9 de lui avoir d\u00e9rob\u00e9 ses papiers par la force, rien que parce qu\u2019elle avait os\u00e9 critiquer le ministre de l\u2019int\u00e9rieur, Taoufik Charfeddine. [\u2026]<\/p>\n<p>L\u2019article <a href=\"https:\/\/www.tunisienumerique.com\/tunisie-arrestation-de-la-journaliste-chahrazed-akacha\/\">Tunisie \u2013 Arrestation de la journaliste Chahrazed Akacha<\/a> est apparu en premier sur <a href=\"https:\/\/www.tunisienumerique.com\/\">Tunisie<\/a>.<\/p>\n<\/div>\n<p>Auteur: LM<br \/>\n<a href=\"https:\/\/www.tunisienumerique.com\/tunisie-arrestation-de-la-journaliste-chahrazed-akacha\/\">Cliquez ici pour lire l&rsquo;article depuis sa source.<\/a><\/p>\n","protected":false},"excerpt":{"rendered":"<p>Le journaliste Zied Heni a annonc\u00e9, \u00e0 travers sa page facebook, l\u2019arrestation de sa coll\u00e8gue, Chahrazed Akacha, sur ordre du parquet. Akacha \u00e9tait accus\u00e9e d\u2019avoir port\u00e9 atteinte \u00e0 un policer qu\u2019elle a accus\u00e9 de lui avoir d\u00e9rob\u00e9 ses papiers par la force, rien que parce qu\u2019elle avait os\u00e9 critiquer le ministre de l\u2019int\u00e9rieur, Taoufik Charfeddine. [&hellip;]<\/p>\n","protected":false},"author":1789,"featured_media":0,"comment_status":"closed","ping_status":"closed","sticky":false,"template":"","format":"standard","meta":{"fifu_image_url":"","fifu_image_alt":"","footnotes":""},"categories":[73,55],"tags":[],"class_list":["post-145504","post","type-post","status-publish","format-standard","hentry","category-actualite","category-tunisie"],"_links":{"self":[{"href":"https:\/\/linitiative.ca\/International\/wp-json\/wp\/v2\/posts\/145504","targetHints":{"allow":["GET"]}}],"collection":[{"href":"https:\/\/linitiative.ca\/International\/wp-json\/wp\/v2\/posts"}],"about":[{"href":"https:\/\/linitiative.ca\/International\/wp-json\/wp\/v2\/types\/post"}],"author":[{"embeddable":true,"href":"https:\/\/linitiative.ca\/International\/wp-json\/wp\/v2\/users\/1789"}],"replies":[{"embeddable":true,"href":"https:\/\/linitiative.ca\/International\/wp-json\/wp\/v2\/comments?post=145504"}],"version-history":[{"count":0,"href":"https:\/\/linitiative.ca\/International\/wp-json\/wp\/v2\/posts\/145504\/revisions"}],"wp:attachment":[{"href":"https:\/\/linitiative.ca\/International\/wp-json\/wp\/v2\/media?parent=145504"}],"wp:term":[{"taxonomy":"category","embeddable":true,"href":"https:\/\/linitiative.ca\/International\/wp-json\/wp\/v2\/categories?post=145504"},{"taxonomy":"post_tag","embeddable":true,"href":"https:\/\/linitiative.ca\/International\/wp-json\/wp\/v2\/tags?post=145504"}],"curies":[{"name":"wp","href":"https:\/\/api.w.org\/{rel}","templated":true}]}}