{"id":145508,"date":"2022-04-14T16:02:25","date_gmt":"2022-04-14T20:02:25","guid":{"rendered":"https:\/\/linitiative.ca\/International\/audit-des-ministeres-de-la-defense-et-de-la-securite-eviter-le-deux-poids-deux-mesures\/"},"modified":"2022-04-14T16:02:25","modified_gmt":"2022-04-14T20:02:25","slug":"audit-des-ministeres-de-la-defense-et-de-la-securite-eviter-le-deux-poids-deux-mesures","status":"publish","type":"post","link":"https:\/\/linitiative.ca\/International\/audit-des-ministeres-de-la-defense-et-de-la-securite-eviter-le-deux-poids-deux-mesures\/","title":{"rendered":"AUDIT DES MINISTERES DE LA DEFENSE ET DE LA SECURITE : Eviter le deux poids deux mesures"},"content":{"rendered":"<div>\n<p><img decoding=\"async\" width=\"1137\" height=\"636\" src=\"https:\/\/linitiative.ca\/International\/wp-content\/uploads\/sites\/23\/2022\/04\/lepaysresponsive.png\" class=\"attachment- default-featured-img\" alt=\"\" loading=\"lazy\" srcset=\"https:\/\/linitiative.ca\/International\/wp-content\/uploads\/sites\/23\/2022\/04\/lepaysresponsive.png 1137w, https:\/\/lepays.bf\/wp-content\/uploads\/2017\/07\/lepaysresponsive-300x168.png 300w, https:\/\/lepays.bf\/wp-content\/uploads\/2017\/07\/lepaysresponsive-768x430.png 768w, https:\/\/lepays.bf\/wp-content\/uploads\/2017\/07\/lepaysresponsive-1024x573.png 1024w\" sizes=\"auto, (max-width: 1137px) 100vw, 1137px\">En d\u00e9but de semaine en cours, j\u2019ai applaudi \u00e0 tout rompre lorsque j\u2019ai appris qu\u2019avec les audits tous azimuts lanc\u00e9s par les plus hautes autorit\u00e9s, sont concern\u00e9s les minist\u00e8res de la D\u00e9fense et de la S\u00e9curit\u00e9. J\u2019\u00e9tais tellement content que je me suis tap\u00e9 une [\u2026]<\/p>\n<p>L\u2019article <a rel=\"nofollow\" href=\"https:\/\/lepays.bf\/audit-des-ministeres-de-la-defense-et-de-la-securite-eviter-le-deux-poids-deux-mesures\/\">AUDIT DES MINISTERES DE LA DEFENSE ET DE LA SECURITE : Eviter le deux poids deux mesures<\/a> est apparu en premier sur <a rel=\"nofollow\" href=\"https:\/\/lepays.bf\/\">Editions Le Pays<\/a>.<\/p>\n<\/div>\n<p>Auteur: Editions LEPAYS<br \/>\n<a href=\"https:\/\/lepays.bf\/audit-des-ministeres-de-la-defense-et-de-la-securite-eviter-le-deux-poids-deux-mesures\/\">Cliquez ici pour lire l&rsquo;article depuis sa source.<\/a><\/p>\n","protected":false},"excerpt":{"rendered":"<p>En d\u00e9but de semaine en cours, j\u2019ai applaudi \u00e0 tout rompre lorsque j\u2019ai appris qu\u2019avec les audits tous azimuts lanc\u00e9s par les plus hautes autorit\u00e9s, sont concern\u00e9s les minist\u00e8res de la D\u00e9fense et de la S\u00e9curit\u00e9. J\u2019\u00e9tais tellement content que je me suis tap\u00e9 une [\u2026] L\u2019article AUDIT DES MINISTERES DE LA DEFENSE ET DE [&hellip;]<\/p>\n","protected":false},"author":1813,"featured_media":0,"comment_status":"closed","ping_status":"closed","sticky":false,"template":"","format":"standard","meta":{"fifu_image_url":"https:\/\/lepays.bf\/wp-content\/uploads\/2017\/07\/lepaysresponsive.png","fifu_image_alt":"AUDIT DES MINISTERES DE LA DEFENSE ET DE LA SECURITE : Eviter le deux poids deux mesures","footnotes":""},"categories":[73,81],"tags":[],"class_list":["post-145508","post","type-post","status-publish","format-standard","hentry","category-actualite","category-burkina-faso"],"_links":{"self":[{"href":"https:\/\/linitiative.ca\/International\/wp-json\/wp\/v2\/posts\/145508","targetHints":{"allow":["GET"]}}],"collection":[{"href":"https:\/\/linitiative.ca\/International\/wp-json\/wp\/v2\/posts"}],"about":[{"href":"https:\/\/linitiative.ca\/International\/wp-json\/wp\/v2\/types\/post"}],"author":[{"embeddable":true,"href":"https:\/\/linitiative.ca\/International\/wp-json\/wp\/v2\/users\/1813"}],"replies":[{"embeddable":true,"href":"https:\/\/linitiative.ca\/International\/wp-json\/wp\/v2\/comments?post=145508"}],"version-history":[{"count":0,"href":"https:\/\/linitiative.ca\/International\/wp-json\/wp\/v2\/posts\/145508\/revisions"}],"wp:attachment":[{"href":"https:\/\/linitiative.ca\/International\/wp-json\/wp\/v2\/media?parent=145508"}],"wp:term":[{"taxonomy":"category","embeddable":true,"href":"https:\/\/linitiative.ca\/International\/wp-json\/wp\/v2\/categories?post=145508"},{"taxonomy":"post_tag","embeddable":true,"href":"https:\/\/linitiative.ca\/International\/wp-json\/wp\/v2\/tags?post=145508"}],"curies":[{"name":"wp","href":"https:\/\/api.w.org\/{rel}","templated":true}]}}