{"id":14551,"date":"2019-02-15T15:15:46","date_gmt":"2019-02-15T20:15:46","guid":{"rendered":"https:\/\/linitiative.ca\/International\/international-real-madrid-voir-jouer-benzema-comme-ca-est-un-vrai-delice\/"},"modified":"2019-02-15T15:15:46","modified_gmt":"2019-02-15T20:15:46","slug":"international-real-madrid-voir-jouer-benzema-comme-ca-est-un-vrai-delice","status":"publish","type":"post","link":"https:\/\/linitiative.ca\/International\/international-real-madrid-voir-jouer-benzema-comme-ca-est-un-vrai-delice\/","title":{"rendered":"International : Real Madrid: \u00abVoir jouer Benzema comme \u00e7a est un vrai d\u00e9lice\u00bb"},"content":{"rendered":"<div readability=\"32\">\n<p>Auteur : <span class=\"time\">vendredi 15 f\u00e9vrier 2019 15:38<\/span><\/p>\n<\/div>\n<div id=\"post_core\" readability=\"50\">\n<p>Devant d\u00e9sormais faire sans Cristiano Ronaldo, Karim Benzema assume ses responsabilit\u00e9s \u00e0 la pointe de l\u2019attaque du Real Madrid. En effet, ces derni\u00e8res semaines, le Fran\u00e7ais enchaine les buts avec les Merengue et cela \u00e0 nouveau \u00e9t\u00e9 le cas ce mercredi face \u00e0 l\u2019Ajax Amsterdam, pour le match aller des huiti\u00e8mes de finale aller de Ligue des Champions. Avant cette rencontre, Emilio Butragueno, dirigeant du Real Madrid, s\u2019est d\u2019ailleurs enflamm\u00e9 pour Benzema: \u00abVous savez, Karim est un joueur extraordinaire. La saison qu\u2019il r\u00e9alise est pour nous exceptionnelle, c\u2019est une grande satisfaction, parce que sa contribution \u00e0 l\u2019\u00e9quipe est fabuleuse. Certes, il reste une grande partie de la saison encore, mais voir jouer Karim comme \u00e7a est un vrai d\u00e9lice.\u00bb, a alors l\u00e2ch\u00e9 Butragueno au micro de RMC Sport et comme rapport\u00e9 par Le 10 Sport.<\/p>\n<p><strong>Publi\u00e9 dans :<\/strong> <span>real madrid<\/span><\/p>\n<\/div>\n<p>Auteur:<br \/>\n<a href=\"http:\/\/www.lebuteur.com\/article\/detail?titre=real-madrid-voir-jouer-benzema-comme-ca-est-un-vrai-delice&#038;id=86409&#038;utm_source=feedburner&#038;utm_medium=feed&#038;utm_campaign=Feed%3A+GalerieFArtciles+%28Les+derniers+articles++-+lebuteur.com%29\">Cliquez ici pour lire l&rsquo;article depuis sa source.<\/a><\/p>\n","protected":false},"excerpt":{"rendered":"<p>Auteur : vendredi 15 f\u00e9vrier 2019 15:38 Devant d\u00e9sormais faire sans Cristiano Ronaldo, Karim Benzema assume ses responsabilit\u00e9s \u00e0 la pointe de l\u2019attaque du Real Madrid. En effet, ces derni\u00e8res semaines, le Fran\u00e7ais enchaine les buts avec les Merengue et cela \u00e0 nouveau \u00e9t\u00e9 le cas ce mercredi face \u00e0 l\u2019Ajax Amsterdam, pour le match [&hellip;]<\/p>\n","protected":false},"author":1738,"featured_media":14552,"comment_status":"closed","ping_status":"closed","sticky":false,"template":"","format":"standard","meta":{"fifu_image_url":"","fifu_image_alt":"","footnotes":""},"categories":[53,75],"tags":[],"class_list":["post-14551","post","type-post","status-publish","format-standard","has-post-thumbnail","hentry","category-algerie","category-sport"],"_links":{"self":[{"href":"https:\/\/linitiative.ca\/International\/wp-json\/wp\/v2\/posts\/14551","targetHints":{"allow":["GET"]}}],"collection":[{"href":"https:\/\/linitiative.ca\/International\/wp-json\/wp\/v2\/posts"}],"about":[{"href":"https:\/\/linitiative.ca\/International\/wp-json\/wp\/v2\/types\/post"}],"author":[{"embeddable":true,"href":"https:\/\/linitiative.ca\/International\/wp-json\/wp\/v2\/users\/1738"}],"replies":[{"embeddable":true,"href":"https:\/\/linitiative.ca\/International\/wp-json\/wp\/v2\/comments?post=14551"}],"version-history":[{"count":0,"href":"https:\/\/linitiative.ca\/International\/wp-json\/wp\/v2\/posts\/14551\/revisions"}],"wp:featuredmedia":[{"embeddable":true,"href":"https:\/\/linitiative.ca\/International\/wp-json\/"}],"wp:attachment":[{"href":"https:\/\/linitiative.ca\/International\/wp-json\/wp\/v2\/media?parent=14551"}],"wp:term":[{"taxonomy":"category","embeddable":true,"href":"https:\/\/linitiative.ca\/International\/wp-json\/wp\/v2\/categories?post=14551"},{"taxonomy":"post_tag","embeddable":true,"href":"https:\/\/linitiative.ca\/International\/wp-json\/wp\/v2\/tags?post=14551"}],"curies":[{"name":"wp","href":"https:\/\/api.w.org\/{rel}","templated":true}]}}