{"id":145510,"date":"2022-04-14T16:05:53","date_gmt":"2022-04-14T20:05:53","guid":{"rendered":"https:\/\/linitiative.ca\/International\/reunion-de-cotonou-sur-la-lutte-contre-le-terrorisme-les-populations-nattendent-que-des-resultats\/"},"modified":"2022-04-14T16:05:53","modified_gmt":"2022-04-14T20:05:53","slug":"reunion-de-cotonou-sur-la-lutte-contre-le-terrorisme-les-populations-nattendent-que-des-resultats","status":"publish","type":"post","link":"https:\/\/linitiative.ca\/International\/reunion-de-cotonou-sur-la-lutte-contre-le-terrorisme-les-populations-nattendent-que-des-resultats\/","title":{"rendered":"REUNION DE COTONOU SUR LA LUTTE CONTRE \u00a0LE TERRORISME  \u00a0 : Les populations n\u2019attendent que des r\u00e9sultats"},"content":{"rendered":"<div>\n<p><img decoding=\"async\" width=\"298\" height=\"169\" src=\"https:\/\/linitiative.ca\/International\/wp-content\/uploads\/sites\/23\/2022\/04\/terrorisme.jpg\" class=\"attachment- size- wp-post-image\" alt=\"\" loading=\"lazy\" style=\"float:left; margin:0 15px 15px 0;\" srcset=\"https:\/\/linitiative.ca\/International\/wp-content\/uploads\/sites\/23\/2022\/04\/terrorisme.jpg 298w, https:\/\/lepays.bf\/wp-content\/uploads\/2022\/04\/terrorisme-150x85.jpg 150w\" sizes=\"auto, (max-width: 298px) 100vw, 298px\">Le 13 avril dernier, s\u2019achevait \u00e0 Cotonou au B\u00e9nin, une r\u00e9union des chefs des services de renseignements des pays membres de l\u2019Initiative d\u2019Accra, regroupant le B\u00e9nin, le Burkina Faso, la C\u00f4te d\u2019Ivoire, le Ghana et le Togo. A cette r\u00e9union de la capitale \u00e9conomique du [\u2026]<\/p>\n<p>L\u2019article <a rel=\"nofollow\" href=\"https:\/\/lepays.bf\/reunion-de-cotonou-sur-la-lutte-contre-le-terrorisme-les-populations-nattendent-que-des-resultats\/\">REUNION DE COTONOU SUR LA LUTTE CONTRE \u00a0LE TERRORISME  \u00a0 : Les populations n\u2019attendent que des r\u00e9sultats<\/a> est apparu en premier sur <a rel=\"nofollow\" href=\"https:\/\/lepays.bf\/\">Editions Le Pays<\/a>.<\/p>\n<\/div>\n<p>Auteur: Editions LEPAYS<br \/>\n<a href=\"https:\/\/lepays.bf\/reunion-de-cotonou-sur-la-lutte-contre-le-terrorisme-les-populations-nattendent-que-des-resultats\/\">Cliquez ici pour lire l&rsquo;article depuis sa source.<\/a><\/p>\n","protected":false},"excerpt":{"rendered":"<p>Le 13 avril dernier, s\u2019achevait \u00e0 Cotonou au B\u00e9nin, une r\u00e9union des chefs des services de renseignements des pays membres de l\u2019Initiative d\u2019Accra, regroupant le B\u00e9nin, le Burkina Faso, la C\u00f4te d\u2019Ivoire, le Ghana et le Togo. A cette r\u00e9union de la capitale \u00e9conomique du [\u2026] L\u2019article REUNION DE COTONOU SUR LA LUTTE CONTRE \u00a0LE [&hellip;]<\/p>\n","protected":false},"author":1813,"featured_media":0,"comment_status":"closed","ping_status":"closed","sticky":false,"template":"","format":"standard","meta":{"fifu_image_url":"https:\/\/lepays.bf\/wp-content\/uploads\/2022\/04\/terrorisme.jpg","fifu_image_alt":"REUNION DE COTONOU SUR LA LUTTE CONTRE \u00a0LE TERRORISME  \u00a0 : Les populations n\u2019attendent que des r\u00e9sultats","footnotes":""},"categories":[73,81],"tags":[],"class_list":["post-145510","post","type-post","status-publish","format-standard","hentry","category-actualite","category-burkina-faso"],"_links":{"self":[{"href":"https:\/\/linitiative.ca\/International\/wp-json\/wp\/v2\/posts\/145510","targetHints":{"allow":["GET"]}}],"collection":[{"href":"https:\/\/linitiative.ca\/International\/wp-json\/wp\/v2\/posts"}],"about":[{"href":"https:\/\/linitiative.ca\/International\/wp-json\/wp\/v2\/types\/post"}],"author":[{"embeddable":true,"href":"https:\/\/linitiative.ca\/International\/wp-json\/wp\/v2\/users\/1813"}],"replies":[{"embeddable":true,"href":"https:\/\/linitiative.ca\/International\/wp-json\/wp\/v2\/comments?post=145510"}],"version-history":[{"count":0,"href":"https:\/\/linitiative.ca\/International\/wp-json\/wp\/v2\/posts\/145510\/revisions"}],"wp:attachment":[{"href":"https:\/\/linitiative.ca\/International\/wp-json\/wp\/v2\/media?parent=145510"}],"wp:term":[{"taxonomy":"category","embeddable":true,"href":"https:\/\/linitiative.ca\/International\/wp-json\/wp\/v2\/categories?post=145510"},{"taxonomy":"post_tag","embeddable":true,"href":"https:\/\/linitiative.ca\/International\/wp-json\/wp\/v2\/tags?post=145510"}],"curies":[{"name":"wp","href":"https:\/\/api.w.org\/{rel}","templated":true}]}}