{"id":145512,"date":"2022-04-14T16:09:35","date_gmt":"2022-04-14T20:09:35","guid":{"rendered":"https:\/\/linitiative.ca\/International\/paques-2022-au-burkina-une-fete-qui-rime-avec-insecurite-et-vie-chere\/"},"modified":"2022-04-14T16:09:35","modified_gmt":"2022-04-14T20:09:35","slug":"paques-2022-au-burkina-une-fete-qui-rime-avec-insecurite-et-vie-chere","status":"publish","type":"post","link":"https:\/\/linitiative.ca\/International\/paques-2022-au-burkina-une-fete-qui-rime-avec-insecurite-et-vie-chere\/","title":{"rendered":"PAQUES 2022 AU BURKINA : Une f\u00eate qui rime avec ins\u00e9curit\u00e9 et vie ch\u00e8re"},"content":{"rendered":"<div>\n<p><img loading=\"lazy\" decoding=\"async\" width=\"323\" height=\"156\" src=\"https:\/\/linitiative.ca\/International\/wp-content\/uploads\/sites\/23\/2022\/04\/Paques.jpg\" class=\"attachment- size- wp-post-image\" alt=\"\" style=\"float:left; margin:0 15px 15px 0;\" srcset=\"https:\/\/linitiative.ca\/International\/wp-content\/uploads\/sites\/23\/2022\/04\/Paques.jpg 323w, https:\/\/lepays.bf\/wp-content\/uploads\/2022\/04\/Paques-300x145.jpg 300w, https:\/\/lepays.bf\/wp-content\/uploads\/2022\/04\/Paques-150x72.jpg 150w\" sizes=\"auto, (max-width: 323px) 100vw, 323px\">A l\u2019instar des chr\u00e9tiens d\u2019Afrique et d\u2019ailleurs, ceux du Burkina c\u00e9l\u00e9breront le 17 avril prochain, la P\u00e2ques, c\u2019est-\u00e0-dire la r\u00e9surrection de J\u00e9sus-Christ, sa victoire sur la mort. C\u2019est essentiellement pour cette raison que l\u2019on pr\u00e9sente P\u00e2ques comme la plus grande f\u00eate chr\u00e9tienne. De ce point [\u2026]<\/p>\n<p>L\u2019article <a rel=\"nofollow\" href=\"https:\/\/lepays.bf\/paques-2022-au-burkina-une-fete-qui-rime-avec-insecurite-et-vie-chere\/\">PAQUES 2022 AU BURKINA : Une f\u00eate qui rime avec ins\u00e9curit\u00e9 et vie ch\u00e8re<\/a> est apparu en premier sur <a rel=\"nofollow\" href=\"https:\/\/lepays.bf\/\">Editions Le Pays<\/a>.<\/p>\n<\/div>\n<p>Auteur: Editions LEPAYS<br \/>\n<a href=\"https:\/\/lepays.bf\/paques-2022-au-burkina-une-fete-qui-rime-avec-insecurite-et-vie-chere\/\">Cliquez ici pour lire l&rsquo;article depuis sa source.<\/a><\/p>\n","protected":false},"excerpt":{"rendered":"<p>A l\u2019instar des chr\u00e9tiens d\u2019Afrique et d\u2019ailleurs, ceux du Burkina c\u00e9l\u00e9breront le 17 avril prochain, la P\u00e2ques, c\u2019est-\u00e0-dire la r\u00e9surrection de J\u00e9sus-Christ, sa victoire sur la mort. C\u2019est essentiellement pour cette raison que l\u2019on pr\u00e9sente P\u00e2ques comme la plus grande f\u00eate chr\u00e9tienne. De ce point [\u2026] L\u2019article PAQUES 2022 AU BURKINA : Une f\u00eate qui [&hellip;]<\/p>\n","protected":false},"author":1813,"featured_media":0,"comment_status":"closed","ping_status":"closed","sticky":false,"template":"","format":"standard","meta":{"fifu_image_url":"https:\/\/lepays.bf\/wp-content\/uploads\/2022\/04\/Paques.jpg","fifu_image_alt":"PAQUES 2022 AU BURKINA : Une f\u00eate qui rime avec ins\u00e9curit\u00e9 et vie ch\u00e8re","footnotes":""},"categories":[73,81],"tags":[],"class_list":["post-145512","post","type-post","status-publish","format-standard","hentry","category-actualite","category-burkina-faso"],"_links":{"self":[{"href":"https:\/\/linitiative.ca\/International\/wp-json\/wp\/v2\/posts\/145512","targetHints":{"allow":["GET"]}}],"collection":[{"href":"https:\/\/linitiative.ca\/International\/wp-json\/wp\/v2\/posts"}],"about":[{"href":"https:\/\/linitiative.ca\/International\/wp-json\/wp\/v2\/types\/post"}],"author":[{"embeddable":true,"href":"https:\/\/linitiative.ca\/International\/wp-json\/wp\/v2\/users\/1813"}],"replies":[{"embeddable":true,"href":"https:\/\/linitiative.ca\/International\/wp-json\/wp\/v2\/comments?post=145512"}],"version-history":[{"count":0,"href":"https:\/\/linitiative.ca\/International\/wp-json\/wp\/v2\/posts\/145512\/revisions"}],"wp:attachment":[{"href":"https:\/\/linitiative.ca\/International\/wp-json\/wp\/v2\/media?parent=145512"}],"wp:term":[{"taxonomy":"category","embeddable":true,"href":"https:\/\/linitiative.ca\/International\/wp-json\/wp\/v2\/categories?post=145512"},{"taxonomy":"post_tag","embeddable":true,"href":"https:\/\/linitiative.ca\/International\/wp-json\/wp\/v2\/tags?post=145512"}],"curies":[{"name":"wp","href":"https:\/\/api.w.org\/{rel}","templated":true}]}}