{"id":145515,"date":"2022-04-14T17:26:05","date_gmt":"2022-04-14T21:26:05","guid":{"rendered":"https:\/\/linitiative.ca\/International\/situation-securitaire-la-chambre-des-mines-expose-ses-preoccupations-au-chef-de-letat\/"},"modified":"2022-04-14T17:26:05","modified_gmt":"2022-04-14T21:26:05","slug":"situation-securitaire-la-chambre-des-mines-expose-ses-preoccupations-au-chef-de-letat","status":"publish","type":"post","link":"https:\/\/linitiative.ca\/International\/situation-securitaire-la-chambre-des-mines-expose-ses-preoccupations-au-chef-de-letat\/","title":{"rendered":"Situation s\u00e9curitaire : la Chambre des mines  expose ses pr\u00e9occupations au chef de l\u2019Etat"},"content":{"rendered":"<div>\n<p><strong>Une d\u00e9l\u00e9gation de la Chambre des mines du Burkina a \u00e9t\u00e9 re\u00e7ue par le chef de l\u2019Etat, Paul-Henri Sandaogo Damiba, le jeudi 14 avril 2022 \u00e0 Ouagadougou.<\/strong><\/p>\n<p>Le pr\u00e9sident du Faso, le lieutenant-colonel Paul-Henri Sandaogo Damiba, a re\u00e7u dans l\u2019apr\u00e8s-midi du jeudi 14 avril 2022 \u00e0 Ouagadougou, une d\u00e9l\u00e9gation de la Chambre des mines du Burkina ainsi que l\u2019ensemble des soci\u00e9t\u00e9s mini\u00e8res en exploitation au Burkina Faso. Conduite par le pr\u00e9sident de la Chambre des mines, Adama Soro, la d\u00e9l\u00e9gation est venue exposer au chef de l\u2019Etat les difficult\u00e9s actuelles du secteur minier, avec la suspension des op\u00e9rations de certaines soci\u00e9t\u00e9s, au regard de la situation s\u00e9curitaire du pays.Selon le pr\u00e9sident de la Chambre des mines du Burkina, \u00ab les mines qui ont ferm\u00e9 ne l\u2019ont pas fait de gait\u00e9 de c\u0153ur et c\u2019est pour cela qu\u2019il \u00e9tait important d\u2019exposer ces probl\u00e8mes, et nous avons eu une oreille attentive du chef supr\u00eame des arm\u00e9es et je pense qu\u2019avec les assurances qui nous ont \u00e9t\u00e9 donn\u00e9es, il n\u2019y a pas de raison que les mines en question ne puissent pas reprendre dans les jours \u00e0 venir \u00bb, a-t-il d\u00e9clar\u00e9.<\/p>\n<p>Adama Soro estime en effet, que la question s\u00e9curitaire est une pr\u00e9occupation pour le chef de l\u2019Etat et que des strat\u00e9gies et des moyens sont d\u00e9ploy\u00e9s pour ramener la s\u00e9curit\u00e9 en vue d\u2019assurer la p\u00e9rennit\u00e9 des activit\u00e9s du secteur minier. \u00ab La plupart des messages nous ont rassur\u00e9 sur la bonne continuit\u00e9 de nos op\u00e9rations d\u2019une part et d\u2019autre part, sur la s\u00e9curit\u00e9 de nos personnels et c\u2019est cela le plus important \u00bb, a-t-il ajout\u00e9. \u00ab Il \u00e9tait important pour nous de venir voir le chef supr\u00eame des arm\u00e9es, pour avoir des informations et effectivement nous avons eu des \u00e9l\u00e9ments qui nous confortent et nous redonnent confiance pour continuer \u00bb, a conclu le pr\u00e9sident de la Chambre des mines du Burkina.<\/p>\n<p style=\"text-align: right\"><strong>Direction de la communication <\/strong><\/p>\n<p style=\"text-align: right\"><strong>de la pr\u00e9sidence du Faso<\/strong><\/p>\n<p style=\"text-align: right\">\n<p>L\u2019article <a rel=\"nofollow\" href=\"https:\/\/www.sidwaya.info\/blog\/2022\/04\/14\/situation-securitaire-la-chambre-des-mines-expose-ses-preoccupations-au-chef-de-letat\/\">Situation s\u00e9curitaire : la Chambre des mines  expose ses pr\u00e9occupations au chef de l\u2019Etat<\/a> est apparu en premier sur <a rel=\"nofollow\" href=\"https:\/\/www.sidwaya.info\/\">Quotidien Sidwaya<\/a>.<\/p>\n<\/div>\n<p>Auteur: JK. Sidwaya<br \/>\n<a href=\"https:\/\/www.sidwaya.info\/blog\/2022\/04\/14\/situation-securitaire-la-chambre-des-mines-expose-ses-preoccupations-au-chef-de-letat\/?utm_source=rss&#038;utm_medium=rss&#038;utm_campaign=situation-securitaire-la-chambre-des-mines-expose-ses-preoccupations-au-chef-de-letat\">Cliquez ici pour lire l&rsquo;article depuis sa source.<\/a><\/p>\n","protected":false},"excerpt":{"rendered":"<p>Une d\u00e9l\u00e9gation de la Chambre des mines du Burkina a \u00e9t\u00e9 re\u00e7ue par le chef de l\u2019Etat, Paul-Henri Sandaogo Damiba, le jeudi 14 avril 2022 \u00e0 Ouagadougou. Le pr\u00e9sident du Faso, le lieutenant-colonel Paul-Henri Sandaogo Damiba, a re\u00e7u dans l\u2019apr\u00e8s-midi du jeudi 14 avril 2022 \u00e0 Ouagadougou, une d\u00e9l\u00e9gation de la Chambre des mines du [&hellip;]<\/p>\n","protected":false},"author":1816,"featured_media":0,"comment_status":"closed","ping_status":"closed","sticky":false,"template":"","format":"standard","meta":{"fifu_image_url":"","fifu_image_alt":"","footnotes":""},"categories":[73,81],"tags":[],"class_list":["post-145515","post","type-post","status-publish","format-standard","hentry","category-actualite","category-burkina-faso"],"_links":{"self":[{"href":"https:\/\/linitiative.ca\/International\/wp-json\/wp\/v2\/posts\/145515","targetHints":{"allow":["GET"]}}],"collection":[{"href":"https:\/\/linitiative.ca\/International\/wp-json\/wp\/v2\/posts"}],"about":[{"href":"https:\/\/linitiative.ca\/International\/wp-json\/wp\/v2\/types\/post"}],"author":[{"embeddable":true,"href":"https:\/\/linitiative.ca\/International\/wp-json\/wp\/v2\/users\/1816"}],"replies":[{"embeddable":true,"href":"https:\/\/linitiative.ca\/International\/wp-json\/wp\/v2\/comments?post=145515"}],"version-history":[{"count":0,"href":"https:\/\/linitiative.ca\/International\/wp-json\/wp\/v2\/posts\/145515\/revisions"}],"wp:attachment":[{"href":"https:\/\/linitiative.ca\/International\/wp-json\/wp\/v2\/media?parent=145515"}],"wp:term":[{"taxonomy":"category","embeddable":true,"href":"https:\/\/linitiative.ca\/International\/wp-json\/wp\/v2\/categories?post=145515"},{"taxonomy":"post_tag","embeddable":true,"href":"https:\/\/linitiative.ca\/International\/wp-json\/wp\/v2\/tags?post=145515"}],"curies":[{"name":"wp","href":"https:\/\/api.w.org\/{rel}","templated":true}]}}