{"id":145516,"date":"2022-04-14T17:28:44","date_gmt":"2022-04-14T21:28:44","guid":{"rendered":"https:\/\/linitiative.ca\/International\/montre-moi-ta-foi-qui-nagit-pas\/"},"modified":"2022-04-14T17:28:44","modified_gmt":"2022-04-14T21:28:44","slug":"montre-moi-ta-foi-qui-nagit-pas","status":"publish","type":"post","link":"https:\/\/linitiative.ca\/International\/montre-moi-ta-foi-qui-nagit-pas\/","title":{"rendered":"\u00ab Montre-moi ta foi qui n\u2019agit pas\u2026 ! \u00bb"},"content":{"rendered":"<div>\n<p>Depuis qu\u2019on a demand\u00e9 aux Burkinab\u00e8 de prier pour la paix dans le pays, il y en a qui ont d\u00e9j\u00e0 commenc\u00e9 \u00e0 tout r\u00e9citer par c\u0153ur. Mon voisin est venu me voir avec un long chapelet de griefs. Il m\u2019a demand\u00e9 si enfin Dieu lui-m\u00eame sera l\u00e0 cette fois-ci. Je lui ai dit que Dieu a toujours \u00e9t\u00e9 l\u00e0. Il m\u2019a r\u00e9pliqu\u00e9 que s\u2019il a toujours \u00e9t\u00e9 l\u00e0, pourquoi fait-il comme s\u2019il \u00e9tait las de nous, pire comme s\u2019il nous avait oubli\u00e9s. Pourquoi, d\u00e9dier trois jours de pri\u00e8res comme si les jours d\u2019avant nous ne priions pas assez ; comme si l\u2019efficacit\u00e9 d\u2019une pri\u00e8re d\u00e9pendait de la fr\u00e9quence des r\u00e9p\u00e9titions ou de la dur\u00e9e des invocations.<\/p>\n<p>Pour mon voisin, ce n\u2019est m\u00eame pas Dieu que nous devons prier d\u2019abord. C\u2019est plut\u00f4t nous-m\u00eames que nous devons prier et m\u00eame supplier. Nous devons conjurer le mal qui est en nous d\u2019abord avant d\u2019oser nous adresser \u00e0 Dieu. Nous devons plut\u00f4t nous confesser qu\u2019\u00e0 professer ce que nous ne sommes pas vraiment. Peut-on s\u2019adresser \u00e0 Dieu sans en \u00eatre digne ? Peut-on demander \u00e0 Dieu ce qu\u2019on ne peut pas se donner \u00e0 soi-m\u00eame ou \u00e0 autrui ? Et puis, suffit-il de prier \u00e0 la cri\u00e9e ou en sourdine sans \u00e9couter ses propres intentions et vell\u00e9it\u00e9s secr\u00e8tes, sans oser d\u2019abord se regarder dans son propre c\u0153ur ?<\/p>\n<p>J\u2019ai dit \u00e0 mon voisin qu\u2019il est \u00e9crit que lorsque deux ou trois personnes se r\u00e9unissent au nom de Dieu, il est l\u00e0 avec eux. Mais le t\u00e9m\u00e9raire lan\u00e7a que l\u2019on peut \u00eatre ensemble sans \u00eatre unis, tout comme on peut \u00e9voquer Dieu sans vraiment l\u2019invoquer. Si le nombre fait la force, c\u2019est que les \u00e9l\u00e9ments du nombre sont en synergie et non en l\u00e9thargie. En fait, mon voisin n\u2019est pas ath\u00e9e. Il a l\u2019air d\u2019un rat\u00e9 mais n\u2019a rien de g\u00e2t\u00e9. C\u2019est m\u00eame un fervent croyant sobre, presque sans apparat et \u00e0 l\u2019allure d\u2019agneau. Il est peut-\u00eatre juste raisonnablement concret et rationnel, r\u00e9aliste !<\/p>\n<p>Il m\u2019a dit que nous ne sommes pas tous suffisamment vrais pour plaire et m\u00e9riter tout de la providence. Pour lui, la meilleure fa\u00e7on de prier, c\u2019est de joindre l\u2019action aux invocations et autres incantations. Celui qui prie vraiment ne fait pas de la magie, il agit ! Quand il demande respectueusement, il re\u00e7oit gracieusement. Malheureusement, nous ne sommes pas toujours sinc\u00e8res dans notre travers\u00e9e du d\u00e9sert. Notre patrie ressemble \u00e0 un chantier de singes, o\u00f9 les uns construisent et les autres d\u00e9truisent.<\/p>\n<p>Mais la Tour de Babel n\u2019ira jamais loin tant que les b\u00e2tisseurs ne parleront pas le m\u00eame langage : celui de la v\u00e9rit\u00e9 et de la responsabilit\u00e9. Nous sommes capables de faire des miracles sur fond de r\u00e9clame sans pouvoir discr\u00e8tement susciter l\u2019orgueil des oracles sans le moindre spectacle. Nous sommes r\u00e9put\u00e9s \u00eatre des hommes int\u00e8gres, mais les faits rappellent que les m\u00e9faits de l\u2019int\u00e9grit\u00e9 sont les calamit\u00e9s de sa destin\u00e9e. Pour mon voisin, une bonne part du combat doit se mener sur le terrain plus qu\u2019\u00e0 travers les mains vides tendues vers le ciel. Aide-toi et le ciel t\u2019aidera !<\/p>\n<p>Tant pis si cela para\u00eet impie ; personne n\u2019a jamais r\u00e9colt\u00e9 les \u00e9pis de ce qu\u2019il n\u2019a pas sem\u00e9. Et cette v\u00e9rit\u00e9 n\u2019a pas besoin d\u2019\u00eatre biblique ou coranique pour \u00eatre empirique. Cette chronique peut m\u00eame para\u00eetre h\u00e9r\u00e9tique pour le dogmatique qui s\u2019emmure entre des v\u00e9rit\u00e9s parfois solubles. A l\u2019\u00e9preuve de l\u2019adversit\u00e9, m\u00eame l\u2019ennemi prie avant d\u2019attaquer. Dans ce cas, esp\u00e9rons que nous ne prions pas le m\u00eame Dieu et que seul le n\u00f4tre est le Bon. Et rien ne sert de dire abracadabra ou que Dieu nous aide, pour \u00eatre aid\u00e9 ; encore faut-il avoir la foi. Et mon voisin paraphrasa les Ecritures saintes: \u00ab montre-moi donc ta foi qui n\u2019agit pas ; moi, c\u2019est par mes actes que je te montrerai ma foi \u00bb.<\/p>\n<p><strong>Jacques chapitre 2, verset 18.\u00a0<\/strong><\/p>\n<p style=\"text-align: right\"><strong> Cl\u00e9ment ZONGO clmentzongo@yahoo.fr <\/strong><\/p>\n<p>L\u2019article <a rel=\"nofollow\" href=\"https:\/\/www.sidwaya.info\/blog\/2022\/04\/14\/montre-moi-ta-foi-qui-nagit-pas\/\">\u00ab Montre-moi ta foi qui n\u2019agit pas\u2026 ! \u00bb<\/a> est apparu en premier sur <a rel=\"nofollow\" href=\"https:\/\/www.sidwaya.info\/\">Quotidien Sidwaya<\/a>.<\/p>\n<\/div>\n<p>Auteur: JK. Sidwaya<br \/>\n<a href=\"https:\/\/www.sidwaya.info\/blog\/2022\/04\/14\/montre-moi-ta-foi-qui-nagit-pas\/?utm_source=rss&#038;utm_medium=rss&#038;utm_campaign=montre-moi-ta-foi-qui-nagit-pas\">Cliquez ici pour lire l&rsquo;article depuis sa source.<\/a><\/p>\n","protected":false},"excerpt":{"rendered":"<p>Depuis qu\u2019on a demand\u00e9 aux Burkinab\u00e8 de prier pour la paix dans le pays, il y en a qui ont d\u00e9j\u00e0 commenc\u00e9 \u00e0 tout r\u00e9citer par c\u0153ur. Mon voisin est venu me voir avec un long chapelet de griefs. Il m\u2019a demand\u00e9 si enfin Dieu lui-m\u00eame sera l\u00e0 cette fois-ci. Je lui ai dit que [&hellip;]<\/p>\n","protected":false},"author":1816,"featured_media":0,"comment_status":"closed","ping_status":"closed","sticky":false,"template":"","format":"standard","meta":{"fifu_image_url":"","fifu_image_alt":"","footnotes":""},"categories":[73,81],"tags":[],"class_list":["post-145516","post","type-post","status-publish","format-standard","hentry","category-actualite","category-burkina-faso"],"_links":{"self":[{"href":"https:\/\/linitiative.ca\/International\/wp-json\/wp\/v2\/posts\/145516","targetHints":{"allow":["GET"]}}],"collection":[{"href":"https:\/\/linitiative.ca\/International\/wp-json\/wp\/v2\/posts"}],"about":[{"href":"https:\/\/linitiative.ca\/International\/wp-json\/wp\/v2\/types\/post"}],"author":[{"embeddable":true,"href":"https:\/\/linitiative.ca\/International\/wp-json\/wp\/v2\/users\/1816"}],"replies":[{"embeddable":true,"href":"https:\/\/linitiative.ca\/International\/wp-json\/wp\/v2\/comments?post=145516"}],"version-history":[{"count":0,"href":"https:\/\/linitiative.ca\/International\/wp-json\/wp\/v2\/posts\/145516\/revisions"}],"wp:attachment":[{"href":"https:\/\/linitiative.ca\/International\/wp-json\/wp\/v2\/media?parent=145516"}],"wp:term":[{"taxonomy":"category","embeddable":true,"href":"https:\/\/linitiative.ca\/International\/wp-json\/wp\/v2\/categories?post=145516"},{"taxonomy":"post_tag","embeddable":true,"href":"https:\/\/linitiative.ca\/International\/wp-json\/wp\/v2\/tags?post=145516"}],"curies":[{"name":"wp","href":"https:\/\/api.w.org\/{rel}","templated":true}]}}