{"id":145518,"date":"2022-04-14T17:40:53","date_gmt":"2022-04-14T21:40:53","guid":{"rendered":"https:\/\/linitiative.ca\/International\/cour-des-comptes-le-nouveau-premier-president-latin-poda-installe\/"},"modified":"2022-04-14T17:40:53","modified_gmt":"2022-04-14T21:40:53","slug":"cour-des-comptes-le-nouveau-premier-president-latin-poda-installe","status":"publish","type":"post","link":"https:\/\/linitiative.ca\/International\/cour-des-comptes-le-nouveau-premier-president-latin-poda-installe\/","title":{"rendered":"Cour des comptes : le nouveau Premier pr\u00e9sident,  Latin Poda, install\u00e9"},"content":{"rendered":"<div>\n<p><strong>Le nouveau Premier pr\u00e9sident de la Cour des comptes, Latin Poda, a pr\u00eat\u00e9 serment au cours d\u2019une audience solennelle, le jeudi 14 avril 2022 \u00e0 Ouagadougou, devant la Cour et en pr\u00e9sence du pr\u00e9sident du Faso, le lieutenant-colonel Paul-Henri Sandaogo Damiba. Cet acte marque \u00e9galement son installation officielle dans ses fonctions. <\/strong><\/p>\n<p>Apr\u00e8s 11 mois int\u00e9rimaires, la Cour des comptes a d\u00e9sormais son Premier pr\u00e9sident. Il s\u2019agit de Latin Poda, d\u00e9sign\u00e9 \u00e0 la session sup\u00e9rieure de la magistrature le 18 d\u00e9cembre 2021 par ses pairs et nomm\u00e9 par d\u00e9cret du pr\u00e9sident du Faso le 24 janvier 2022, qui a pr\u00eat\u00e9 serment au cours d\u2019une audience solennelle, le jeudi 14 avril 2022 \u00e0 Ouagadougou. C\u2019\u00e9tait devant la Cour et en pr\u00e9sence du pr\u00e9sident du Faso, le lieutenant-colonel Paul-Henri Sandaogo Damiba.<\/p>\n<p>La main droite lev\u00e9e, M. Poda a prononc\u00e9 : \u00ab Je jure de bien et fid\u00e8lement remplir ma fonction, de l\u2019exercer en toute impartialit\u00e9, dans le respect de la Constitution, de garder le secret de d\u00e9lib\u00e9ration et des votes, de ne prendre aucune position publique et de ne donner aucune consultation \u00e0 titre priv\u00e9 sur les questions relevant de la comp\u00e9tence de la Cour et de me conduire en tout comme un digne et loyal magistrat \u00bb. La Cour, apr\u00e8s avoir re\u00e7u ce serment, a officiellement install\u00e9 le magistrat Poda dans ses fonctions. Il devient ainsi le 4e Premier pr\u00e9sident de la Cour des comptes du Burkina Faso depuis sa cr\u00e9ation en 2000. Aussit\u00f4t install\u00e9, le Premier pr\u00e9sident de la Cour des comptes a traduit sa reconnaissance aux plus hautes autorit\u00e9s et \u00e0 ses pairs pour la confiance plac\u00e9e en lui. Pour lui, la touche particuli\u00e8re durant son mandat est de mettre l\u2019accent sur la communication pour faire connaitre davantage cette institution judiciaire, parce qu\u2019il y a des audits faits sur des dossiers sensibles et qui ne sont pas port\u00e9s \u00e0 la connaissance de l\u2019opinion publique.<\/p>\n<p>\u00ab Cette audience solennelle est pour la Cour des comptes, juridiction sup\u00e9rieure de contr\u00f4le des finances publiques, une occasion d\u2019interpellation de toute la chaine d\u00e9cisionnelle, du syst\u00e8me d\u2019int\u00e9grit\u00e9 national, sur la n\u00e9cessit\u00e9 de prendre ou de renforcer les mesures permettant \u00e0 l\u2019administration publique d\u2019orienter ses actions dans le sens du respect des r\u00e8gles de la bonne gouvernance \u00bb, a-t-il signifi\u00e9. Il a relev\u00e9 que la r\u00e9ussite des missions d\u00e9volues \u00e0 toute institution d\u00e9pend de la conjugaison des efforts de chaque homme et de chaque femme qui y travaillent. Il s\u2019est dit persuad\u00e9 qu\u2019avec l\u2019assiduit\u00e9 au travail de tout le personnel de la Cour, l\u2019institution engrangera d\u2019excellents r\u00e9sultats. Ces r\u00e9sultats, a pr\u00e9cis\u00e9 le Premier pr\u00e9sident, sont fix\u00e9s dans le cadre des missions juridictionnelles, non juridictionnelles et informatives assign\u00e9es \u00e0 la Cour. En mati\u00e8re de contr\u00f4le budg\u00e9taire et de gestion des entit\u00e9s, a soulign\u00e9 Latin Poda, il y a un besoin de conjugaison des efforts entre les corps de contr\u00f4le interne \u00e0 priori et la Cour des comptes qui est un organe de contr\u00f4le a posteriori.<\/p>\n<h2><strong>Relever les d\u00e9fis de l\u2019institution<\/strong><\/h2>\n<p>Au niveau du jugement des comptes de gestion de l\u2019Etat et des Etablissements publics de l\u2019Etat (EPE), a-t-il ajout\u00e9, le passif \u00e0 r\u00e9sorber au plus vite afin d\u2019en arriver aux comptes contemporains couvre les ann\u00e9es 2017 \u00e0 2021. Quant aux sanctions des fautes de gestion, a-t-il rench\u00e9ri, depuis la vingtaine d\u2019ann\u00e9es de fonctionnement de la Cour des comptes, le nombre d\u2019arr\u00eats rendus par les formations disciplinaires en mati\u00e8re de fautes de gestion n\u2019exc\u00e8de pas cinq (05), ce qui est largement en de\u00e7\u00e0 de ce qui devrait \u00eatre. A l\u2019entendre, la r\u00e9alit\u00e9 est que le travail de la Cour, \u00e0 ce jour, est beaucoup plus port\u00e9 vers ses missions non juridictionnelles d\u2019audit, d\u2019information et de conseil. Pour sauvegarder efficacement le patrimoine public, de l\u2019avis du magistrat Poda, cette tendance doit concilier les exigences de responsabilit\u00e9 et de redevabilit\u00e9 des justiciables de la Cour, gage de transparence et de bonne gouvernance, avec sa contribution en mati\u00e8re d\u2019audits, d\u2019\u00e9valuation des politiques publiques, de certification des comptes de l\u2019Etat et d\u2019\u00e9mission d\u2019avis. C\u2019est pourquoi, selon lui, il est important de mentionner que le cadre l\u00e9gal actuel de la Cour est obsol\u00e8te et inadapt\u00e9.<\/p>\n<p>\u00ab En attendant d\u2019activer les leviers des outils de pilotage (plan strat\u00e9gique 2019-2023) et des outils de pilotage annuel (programme d\u2019activit\u00e9s, plan de contr\u00f4le), j\u2019en appelle d\u00e9j\u00e0 \u00e0 l\u2019accompagnement des pouvoirs ex\u00e9cutif et l\u00e9gislatif en vue de la prise en compte dans les priorit\u00e9s de l\u2019adoption de la loi organique r\u00e9vis\u00e9e, r\u00e9gissant la Cour des comptes \u00bb, a sollicit\u00e9 le Premier pr\u00e9sident de la Cour des comptes. M. Poda a \u00e9galement interpell\u00e9 l\u2019ex\u00e9cutif et l\u2019Assembl\u00e9e l\u00e9gislative de Transition (ALT) \u00e0 bien vouloir mettre les moyens \u00e0 la disposition de la Cour des comptes pour lui permettre de relever les d\u00e9fis qui se pr\u00e9sentent \u00e0 elle.<\/p>\n<p style=\"text-align: right\"><strong>Kowoma Marc DOH<\/strong><\/p>\n<p>\u00a0<\/p>\n<p>L\u2019article <a rel=\"nofollow\" href=\"https:\/\/www.sidwaya.info\/blog\/2022\/04\/14\/cour-des-comptes-le-nouveau-premier-president-latin-poda-installe\/\">Cour des comptes : le nouveau Premier pr\u00e9sident,  Latin Poda, install\u00e9<\/a> est apparu en premier sur <a rel=\"nofollow\" href=\"https:\/\/www.sidwaya.info\/\">Quotidien Sidwaya<\/a>.<\/p>\n<\/div>\n<p>Auteur: JK. Sidwaya<br \/>\n<a href=\"https:\/\/www.sidwaya.info\/blog\/2022\/04\/14\/cour-des-comptes-le-nouveau-premier-president-latin-poda-installe\/?utm_source=rss&#038;utm_medium=rss&#038;utm_campaign=cour-des-comptes-le-nouveau-premier-president-latin-poda-installe\">Cliquez ici pour lire l&rsquo;article depuis sa source.<\/a><\/p>\n","protected":false},"excerpt":{"rendered":"<p>Le nouveau Premier pr\u00e9sident de la Cour des comptes, Latin Poda, a pr\u00eat\u00e9 serment au cours d\u2019une audience solennelle, le jeudi 14 avril 2022 \u00e0 Ouagadougou, devant la Cour et en pr\u00e9sence du pr\u00e9sident du Faso, le lieutenant-colonel Paul-Henri Sandaogo Damiba. Cet acte marque \u00e9galement son installation officielle dans ses fonctions. Apr\u00e8s 11 mois int\u00e9rimaires, [&hellip;]<\/p>\n","protected":false},"author":1816,"featured_media":0,"comment_status":"closed","ping_status":"closed","sticky":false,"template":"","format":"standard","meta":{"fifu_image_url":"","fifu_image_alt":"","footnotes":""},"categories":[73,81],"tags":[],"class_list":["post-145518","post","type-post","status-publish","format-standard","hentry","category-actualite","category-burkina-faso"],"_links":{"self":[{"href":"https:\/\/linitiative.ca\/International\/wp-json\/wp\/v2\/posts\/145518","targetHints":{"allow":["GET"]}}],"collection":[{"href":"https:\/\/linitiative.ca\/International\/wp-json\/wp\/v2\/posts"}],"about":[{"href":"https:\/\/linitiative.ca\/International\/wp-json\/wp\/v2\/types\/post"}],"author":[{"embeddable":true,"href":"https:\/\/linitiative.ca\/International\/wp-json\/wp\/v2\/users\/1816"}],"replies":[{"embeddable":true,"href":"https:\/\/linitiative.ca\/International\/wp-json\/wp\/v2\/comments?post=145518"}],"version-history":[{"count":0,"href":"https:\/\/linitiative.ca\/International\/wp-json\/wp\/v2\/posts\/145518\/revisions"}],"wp:attachment":[{"href":"https:\/\/linitiative.ca\/International\/wp-json\/wp\/v2\/media?parent=145518"}],"wp:term":[{"taxonomy":"category","embeddable":true,"href":"https:\/\/linitiative.ca\/International\/wp-json\/wp\/v2\/categories?post=145518"},{"taxonomy":"post_tag","embeddable":true,"href":"https:\/\/linitiative.ca\/International\/wp-json\/wp\/v2\/tags?post=145518"}],"curies":[{"name":"wp","href":"https:\/\/api.w.org\/{rel}","templated":true}]}}