{"id":145523,"date":"2022-04-14T12:18:05","date_gmt":"2022-04-14T16:18:05","guid":{"rendered":"https:\/\/linitiative.ca\/International\/dieudonne-evou-mekou-nouveau-president-de-la-bdeac\/"},"modified":"2022-04-14T12:18:05","modified_gmt":"2022-04-14T16:18:05","slug":"dieudonne-evou-mekou-nouveau-president-de-la-bdeac","status":"publish","type":"post","link":"https:\/\/linitiative.ca\/International\/dieudonne-evou-mekou-nouveau-president-de-la-bdeac\/","title":{"rendered":"Dieudonn\u00e9 Evou Mekou, nouveau pr\u00e9sident de la BDEAC"},"content":{"rendered":"<div>\n<p><img decoding=\"async\" width=\"500\" height=\"399\" src=\"https:\/\/linitiative.ca\/International\/wp-content\/uploads\/sites\/23\/2022\/04\/16499530857348.jpg\" class=\"attachment-post-thumbnail size-post-thumbnail wp-post-image\" alt=\"\" loading=\"lazy\" srcset=\"https:\/\/linitiative.ca\/International\/wp-content\/uploads\/sites\/23\/2022\/04\/16499530857348.jpg 500w, https:\/\/www.journalducameroun.com\/wp-content\/uploads\/2022\/04\/16499530857348-300x239.jpg 300w\" sizes=\"auto, (max-width: 500px) 100vw, 500px\"><\/p>\n<p>Le nouveau pr\u00e9sident remplace l&rsquo;Equato-guin\u00e9en Fortunato Ofa Mbo Nchama.La Banque de d\u00e9veloppement des \u00c9tats de l&rsquo;Afrique centrale (BDEAC) a un nouveau patron. Les chefs d&rsquo;Etat de la Communaut\u00e9 \u00e9conomique et mon\u00e9taire de l&rsquo;Afrique centrale (CEMAC) ont port\u00e9 leur choix sur le Camerounais Dieudonn\u00e9 Evou Mekou, neveu du pr\u00e9sident Paul Biya, pour pr\u00e9sider aux destin\u00e9es de leur banque centrale pour les cinq prochaines ann\u00e9es, rapporte Financial Afrik.<\/p>\n<p>Jusque-l\u00e0 vice-gouverneur de la (BEAC), le nouveau pr\u00e9sident remplace l&rsquo;Equato-guineen Fortunato Ofa Mbo Nchama en fin de mandat.<\/p>\n<p>Le futur patron de la BDEAC sera second\u00e9 par un Gabonais, L\u00e9andre Emmanuel Bouloubou.<\/p>\n<p>Cet article <a rel=\"nofollow\" href=\"https:\/\/www.journalducameroun.com\/dieudonne-evou-mekou-nouveau-president-de-la-bdeac\/\">Dieudonn\u00e9 Evou Mekou, nouveau pr\u00e9sident de la BDEAC<\/a> est apparu en premier sur <a rel=\"nofollow\" href=\"https:\/\/www.journalducameroun.com\/\">Journal du Cameroun<\/a>.<\/p>\n<\/div>\n<p>Auteur: APA News<br \/>\n<a href=\"https:\/\/www.journalducameroun.com\/dieudonne-evou-mekou-nouveau-president-de-la-bdeac\/\">Cliquez ici pour lire l&rsquo;article depuis sa source.<\/a><\/p>\n","protected":false},"excerpt":{"rendered":"<p>Le nouveau pr\u00e9sident remplace l&rsquo;Equato-guin\u00e9en Fortunato Ofa Mbo Nchama.La Banque de d\u00e9veloppement des \u00c9tats de l&rsquo;Afrique centrale (BDEAC) a un nouveau patron. Les chefs d&rsquo;Etat de la Communaut\u00e9 \u00e9conomique et mon\u00e9taire de l&rsquo;Afrique centrale (CEMAC) ont port\u00e9 leur choix sur le Camerounais Dieudonn\u00e9 Evou Mekou, neveu du pr\u00e9sident Paul Biya, pour pr\u00e9sider aux destin\u00e9es de [&hellip;]<\/p>\n","protected":false},"author":1965,"featured_media":0,"comment_status":"closed","ping_status":"closed","sticky":false,"template":"","format":"standard","meta":{"fifu_image_url":"https:\/\/www.journalducameroun.com\/wp-content\/uploads\/2022\/04\/16499530857348.jpg","fifu_image_alt":"Dieudonn\u00e9 Evou Mekou, nouveau pr\u00e9sident de la BDEAC","footnotes":""},"categories":[73,82],"tags":[],"class_list":["post-145523","post","type-post","status-publish","format-standard","hentry","category-actualite","category-cameroun"],"_links":{"self":[{"href":"https:\/\/linitiative.ca\/International\/wp-json\/wp\/v2\/posts\/145523","targetHints":{"allow":["GET"]}}],"collection":[{"href":"https:\/\/linitiative.ca\/International\/wp-json\/wp\/v2\/posts"}],"about":[{"href":"https:\/\/linitiative.ca\/International\/wp-json\/wp\/v2\/types\/post"}],"author":[{"embeddable":true,"href":"https:\/\/linitiative.ca\/International\/wp-json\/wp\/v2\/users\/1965"}],"replies":[{"embeddable":true,"href":"https:\/\/linitiative.ca\/International\/wp-json\/wp\/v2\/comments?post=145523"}],"version-history":[{"count":0,"href":"https:\/\/linitiative.ca\/International\/wp-json\/wp\/v2\/posts\/145523\/revisions"}],"wp:attachment":[{"href":"https:\/\/linitiative.ca\/International\/wp-json\/wp\/v2\/media?parent=145523"}],"wp:term":[{"taxonomy":"category","embeddable":true,"href":"https:\/\/linitiative.ca\/International\/wp-json\/wp\/v2\/categories?post=145523"},{"taxonomy":"post_tag","embeddable":true,"href":"https:\/\/linitiative.ca\/International\/wp-json\/wp\/v2\/tags?post=145523"}],"curies":[{"name":"wp","href":"https:\/\/api.w.org\/{rel}","templated":true}]}}