{"id":145525,"date":"2022-04-14T12:42:06","date_gmt":"2022-04-14T16:42:06","guid":{"rendered":"https:\/\/linitiative.ca\/International\/cameroun-fecafoot-le-tas-enterine-implicitement-lelection-de-samuel-etoo\/"},"modified":"2022-04-14T12:42:06","modified_gmt":"2022-04-14T16:42:06","slug":"cameroun-fecafoot-le-tas-enterine-implicitement-lelection-de-samuel-etoo","status":"publish","type":"post","link":"https:\/\/linitiative.ca\/International\/cameroun-fecafoot-le-tas-enterine-implicitement-lelection-de-samuel-etoo\/","title":{"rendered":"Cameroun-F\u00e9cafoot : le Tas ent\u00e9rine implicitement l\u2019\u00e9lection de Samuel Eto\u2019o"},"content":{"rendered":"<div>\n<p><img decoding=\"async\" width=\"660\" height=\"287\" src=\"https:\/\/linitiative.ca\/International\/wp-content\/uploads\/sites\/23\/2022\/04\/Etoo-Fecafoot.jpg\" class=\"attachment-post-thumbnail size-post-thumbnail wp-post-image\" alt=\"\" loading=\"lazy\" srcset=\"https:\/\/linitiative.ca\/International\/wp-content\/uploads\/sites\/23\/2022\/04\/Etoo-Fecafoot.jpg 660w, https:\/\/www.journalducameroun.com\/wp-content\/uploads\/2021\/12\/Etoo-Fecafoot-300x130.jpg 300w, https:\/\/www.journalducameroun.com\/wp-content\/uploads\/2021\/12\/Etoo-Fecafoot-600x261.jpg 600w\" sizes=\"auto, (max-width: 660px) 100vw, 660px\"><\/p>\n<h2 style=\"text-align: justify;\"><strong>De la sentence du Tribunal arbitral de sport de Lausanne de ce 14 avril 2022, l\u2019on retient que l\u2019accord transactionnel conclu entre Maboang Kessack et l\u2019Assembl\u00e9e g\u00e9n\u00e9rale de 2009 donne tacitement la l\u00e9gitimit\u00e9 et la l\u00e9galit\u00e9 \u00e0 Samuel Eto\u2019o. <\/strong><\/h2>\n<p style=\"text-align: justify;\">Le d\u00e9sistement \u00e0 toutes les proc\u00e9dures pendantes au Tribunal arbitral du sport (Tas) par la quasi-totalit\u00e9 des membres de l\u2019Assembl\u00e9e g\u00e9n\u00e9rale de 2009 afin que le football camerounais ne se joue plus dans les bureaux mais sur les aires de jeu conna\u00eet ses premiers effets significatifs.<\/p>\n<p style=\"text-align: justify;\">Dans l\u2019affaire qui oppose Maboang Kessack et la Fecafoot de Seidou Mbombo Njoya, le Tas a tranch\u00e9 par ces motifs\u00a0: <em>\u00ab\u00a0le Tribunal arbitral du sport ratifie l\u2019accord transactionnel conclu entre les parties en date du 21 janvier 2022 dont les termes sont int\u00e9gr\u00e9s dans la pr\u00e9sente sentence. Dit que les proc\u00e9dures arbitrales TAS 2021\/A\/8361 et 2021\/A\/8445 F\u00e9d\u00e9ration camerounaise de football, Comit\u00e9 national olympique et sportif du Cameroun et M. \u00a0Emmanuel Maboang Kessack sont termin\u00e9es et ray\u00e9es du r\u00f4le du TAS\u00a0\u00bb. <\/em><\/p>\n<p style=\"text-align: justify;\"><em>\u00ab\u00a0Dit que les frais de proc\u00e9dure, qui seront d\u00e9termin\u00e9s et notifi\u00e9s aux parties ult\u00e9rieurement par le greffe du TAS, seront mis \u00e0 la charge de la Fecafoot et de M. Emmanuel Maboang Kessack, \u00e0 parts \u00e9gales\u00a0\u00bb. <\/em><\/p>\n<p style=\"text-align: justify;\">\u00ab\u00a0Chaque partie conservera \u00e0 sa charge ses propres frais de d\u00e9fense concourus pour les besoins de la pr\u00e9sente proc\u00e9dure\u00bb.<\/p>\n<p style=\"text-align: justify;\">En effet, le Tas ne se prononce pas directement sur l\u2019\u00e9lection de Samuel Eto\u2019o. Il se trouve que c\u2019est Samuel Eto\u2019o qui \u00e0 l\u2019\u00e9poque avait engag\u00e9 via son \u00e9l\u00e9ment Maboang Kessack une proc\u00e9dure contre la Fecafoot de Seidou Mbombo Njoya en pr\u00e9vision d\u2019un \u00e9ventuel trucage \u00e9lectoral. Il est donc l\u00e9gitime que la proc\u00e9dure qui \u00e9tait en cours soit stopp\u00e9e, Samuel Eto\u2019o ayant finalement \u00e9t\u00e9 \u00e9lu.<\/p>\n<p style=\"text-align: justify;\">Le fond de l\u2019affaire qui secoue la Fecafoot depuis 2013 l\u2019oppose \u00e0 l\u2019Assembl\u00e9e g\u00e9n\u00e9rale de 2009. L\u2019accord transactionnel \u00e9tant d\u00e9j\u00e0 trouv\u00e9 entre Maboang Kessack et l\u2019AG de 2009 dans 3\/4 + 1\/3, il convient simplement de conclure que la d\u00e9cision de ce jour est une jurisprudence qui sera utilis\u00e9e dans toutes les affaires li\u00e9es \u00e0 la Fecafoot et qui ont pour objet : l\u2019Assembl\u00e9e g\u00e9n\u00e9rale du 11 d\u00e9cembre 2021, qui a port\u00e9 Samuel Eto\u2019o \u00e0 la pr\u00e9sidence de la Fecafoot.<\/p>\n<p style=\"text-align: justify;\">\n<p>Cet article <a rel=\"nofollow\" href=\"https:\/\/www.journalducameroun.com\/fecafoot-le-tas-enterine-implicitement-lelection-de-samuel-etoo\/\">Cameroun-F\u00e9cafoot : le Tas ent\u00e9rine implicitement l\u2019\u00e9lection de Samuel Eto\u2019o<\/a> est apparu en premier sur <a rel=\"nofollow\" href=\"https:\/\/www.journalducameroun.com\/\">Journal du Cameroun<\/a>.<\/p>\n<\/div>\n<p>Auteur: Emile Zola Nd\u00e9 Tchoussi<br \/>\n<a href=\"https:\/\/www.journalducameroun.com\/fecafoot-le-tas-enterine-implicitement-lelection-de-samuel-etoo\/\">Cliquez ici pour lire l&rsquo;article depuis sa source.<\/a><\/p>\n","protected":false},"excerpt":{"rendered":"<p>De la sentence du Tribunal arbitral de sport de Lausanne de ce 14 avril 2022, l\u2019on retient que l\u2019accord transactionnel conclu entre Maboang Kessack et l\u2019Assembl\u00e9e g\u00e9n\u00e9rale de 2009 donne tacitement la l\u00e9gitimit\u00e9 et la l\u00e9galit\u00e9 \u00e0 Samuel Eto\u2019o. Le d\u00e9sistement \u00e0 toutes les proc\u00e9dures pendantes au Tribunal arbitral du sport (Tas) par la quasi-totalit\u00e9 [&hellip;]<\/p>\n","protected":false},"author":1965,"featured_media":0,"comment_status":"closed","ping_status":"closed","sticky":false,"template":"","format":"standard","meta":{"fifu_image_url":"https:\/\/www.journalducameroun.com\/wp-content\/uploads\/2021\/12\/Etoo-Fecafoot.jpg","fifu_image_alt":"Cameroun-F\u00e9cafoot : le Tas ent\u00e9rine implicitement l\u2019\u00e9lection de Samuel Eto\u2019o","footnotes":""},"categories":[73,82],"tags":[],"class_list":["post-145525","post","type-post","status-publish","format-standard","hentry","category-actualite","category-cameroun"],"_links":{"self":[{"href":"https:\/\/linitiative.ca\/International\/wp-json\/wp\/v2\/posts\/145525","targetHints":{"allow":["GET"]}}],"collection":[{"href":"https:\/\/linitiative.ca\/International\/wp-json\/wp\/v2\/posts"}],"about":[{"href":"https:\/\/linitiative.ca\/International\/wp-json\/wp\/v2\/types\/post"}],"author":[{"embeddable":true,"href":"https:\/\/linitiative.ca\/International\/wp-json\/wp\/v2\/users\/1965"}],"replies":[{"embeddable":true,"href":"https:\/\/linitiative.ca\/International\/wp-json\/wp\/v2\/comments?post=145525"}],"version-history":[{"count":0,"href":"https:\/\/linitiative.ca\/International\/wp-json\/wp\/v2\/posts\/145525\/revisions"}],"wp:attachment":[{"href":"https:\/\/linitiative.ca\/International\/wp-json\/wp\/v2\/media?parent=145525"}],"wp:term":[{"taxonomy":"category","embeddable":true,"href":"https:\/\/linitiative.ca\/International\/wp-json\/wp\/v2\/categories?post=145525"},{"taxonomy":"post_tag","embeddable":true,"href":"https:\/\/linitiative.ca\/International\/wp-json\/wp\/v2\/tags?post=145525"}],"curies":[{"name":"wp","href":"https:\/\/api.w.org\/{rel}","templated":true}]}}