{"id":145529,"date":"2022-04-14T14:18:05","date_gmt":"2022-04-14T18:18:05","guid":{"rendered":"https:\/\/linitiative.ca\/International\/covid-19-lafrique-sort-de-la-quatrieme-vague-oms\/"},"modified":"2022-04-14T14:18:05","modified_gmt":"2022-04-14T18:18:05","slug":"covid-19-lafrique-sort-de-la-quatrieme-vague-oms","status":"publish","type":"post","link":"https:\/\/linitiative.ca\/International\/covid-19-lafrique-sort-de-la-quatrieme-vague-oms\/","title":{"rendered":"Covid-19 : l\u2019Afrique sort de la quatri\u00e8me vague (OMS)"},"content":{"rendered":"<div>\n<p><img decoding=\"async\" width=\"300\" height=\"168\" src=\"https:\/\/linitiative.ca\/International\/wp-content\/uploads\/sites\/23\/2022\/04\/16499602853668.jpg\" class=\"attachment-post-thumbnail size-post-thumbnail wp-post-image\" alt=\"\" loading=\"lazy\" srcset=\"https:\/\/linitiative.ca\/International\/wp-content\/uploads\/sites\/23\/2022\/04\/16499602853668.jpg 300w, https:\/\/www.journalducameroun.com\/wp-content\/uploads\/2022\/04\/16499602853668-780x440.jpg 780w, https:\/\/www.journalducameroun.com\/wp-content\/uploads\/2022\/04\/16499602853668-160x90.jpg 160w, https:\/\/www.journalducameroun.com\/wp-content\/uploads\/2022\/04\/16499602853668-240x135.jpg 240w\" sizes=\"auto, (max-width: 300px) 100vw, 300px\"><\/p>\n<p>L&rsquo;Afrique conna\u00eet sa plus longue p\u00e9riode de baisse du nombre de cas de Covid-19, selon l&rsquo;Organisation mondiale de la sant\u00e9 (OMS).Le nombre de cas de Covid-19 enregistr\u00e9s chaque semaine r\u00e9gresse depuis 16 semaines, alors que le nombre de d\u00e9c\u00e8s a diminu\u00e9 au cours des huit derni\u00e8res semaines. Au cours de la semaine qui s&rsquo;est achev\u00e9e le 10 avril 2022, environ 18.000 cas et 239 d\u00e9c\u00e8s ont \u00e9t\u00e9 notifi\u00e9s sur le continent, soit une baisse respective de 29 % et de 37 %, par rapport \u00e0 la semaine pr\u00e9c\u00e9dente, rapporte l&rsquo;OMS dans son dernier bilan publi\u00e9 ce jeudi.<\/p>\n<p>Sur la m\u00eame p\u00e9riode, les contaminations, en grande partie dues \u00e0 la quatri\u00e8me vague pand\u00e9mique induite par le variant Omicron, sont pass\u00e9es d&rsquo;un pic de plus de 308.000 cas par semaine au d\u00e9but de l&rsquo;ann\u00e9e \u00e0 moins de 20.000 cas.<\/p>\n<p>L&rsquo;OMS explique que ce faible niveau d&rsquo;infection n&rsquo;avait pas \u00e9t\u00e9 observ\u00e9 depuis avril 2020, au tout d\u00e9but de la pand\u00e9mie en Afrique.<\/p>\n<p>La pr\u00e9c\u00e9dente plus longue p\u00e9riode de baisse du nombre de cas d&rsquo;infection par la Covid-19 avait \u00e9t\u00e9 enregistr\u00e9e entre le 1er ao\u00fbt et le 10 octobre 2021.<\/p>\n<p>Actuellement, aucun pays africain n&rsquo;est confront\u00e9 \u00e0 une r\u00e9surgence de la Covid-19, poursuit l&rsquo;OMS. Un pays est dit en r\u00e9surgence lorsqu&rsquo;il enregistre une augmentation de 20 % des cas pendant au moins deux semaines cons\u00e9cutives et que la progression enregistr\u00e9e d&rsquo;une semaine \u00e0 l&rsquo;autre est sup\u00e9rieure de 30 % ou cette augmentation est sup\u00e9rieure au pic d&rsquo;infection hebdomadaire le plus \u00e9lev\u00e9 pr\u00e9c\u00e9demment atteint.<\/p>\n<p>\u00ab Malgr\u00e9 la baisse du nombre d&rsquo;infections, il est essentiel que les pays continuent \u00e0 faire preuve de vigilance et maintiennent les mesures de surveillance, y compris la surveillance g\u00e9nomique pour d\u00e9tecter rapidement les variants de la Covid-19 en circulation, am\u00e9liorer le d\u00e9pistage et intensifier la vaccination \u00bb, a indiqu\u00e9 la Directrice r\u00e9gionale de l&rsquo;OMS pour l&rsquo;Afrique, Dre Matshidiso Moeti.<\/p>\n<p>Selon elle, \u00ab le virus \u00e9tant toujours en circulation, le risque d&rsquo;\u00e9mergence de nouveaux variants potentiellement plus mortels demeure, et les mesures de lutte contre la pand\u00e9mie sont essentielles pour riposter efficacement \u00e0 une recrudescence des infections \u00bb, a-t-elle ajout\u00e9.<\/p>\n<p>A la date du 14 avril 2022, l&rsquo;Afrique a enregistr\u00e9 officiellement 11.597.206 cas de Covid-19 pour 252.452 d\u00e9c\u00e8s.<\/p>\n<p>Cet article <a rel=\"nofollow\" href=\"https:\/\/www.journalducameroun.com\/covid-19-lafrique-sort-de-la-quatrieme-vague-oms\/\">Covid-19 : l\u2019Afrique sort de la quatri\u00e8me vague (OMS)<\/a> est apparu en premier sur <a rel=\"nofollow\" href=\"https:\/\/www.journalducameroun.com\/\">Journal du Cameroun<\/a>.<\/p>\n<\/div>\n<p>Auteur: APA News<br \/>\n<a href=\"https:\/\/www.journalducameroun.com\/covid-19-lafrique-sort-de-la-quatrieme-vague-oms\/\">Cliquez ici pour lire l&rsquo;article depuis sa source.<\/a><\/p>\n","protected":false},"excerpt":{"rendered":"<p>L&rsquo;Afrique conna\u00eet sa plus longue p\u00e9riode de baisse du nombre de cas de Covid-19, selon l&rsquo;Organisation mondiale de la sant\u00e9 (OMS).Le nombre de cas de Covid-19 enregistr\u00e9s chaque semaine r\u00e9gresse depuis 16 semaines, alors que le nombre de d\u00e9c\u00e8s a diminu\u00e9 au cours des huit derni\u00e8res semaines. Au cours de la semaine qui s&rsquo;est achev\u00e9e [&hellip;]<\/p>\n","protected":false},"author":1965,"featured_media":0,"comment_status":"closed","ping_status":"closed","sticky":false,"template":"","format":"standard","meta":{"fifu_image_url":"https:\/\/www.journalducameroun.com\/wp-content\/uploads\/2022\/04\/16499602853668.jpg","fifu_image_alt":"Covid-19 : l\u2019Afrique sort de la quatri\u00e8me vague (OMS)","footnotes":""},"categories":[73,82],"tags":[],"class_list":["post-145529","post","type-post","status-publish","format-standard","hentry","category-actualite","category-cameroun"],"_links":{"self":[{"href":"https:\/\/linitiative.ca\/International\/wp-json\/wp\/v2\/posts\/145529","targetHints":{"allow":["GET"]}}],"collection":[{"href":"https:\/\/linitiative.ca\/International\/wp-json\/wp\/v2\/posts"}],"about":[{"href":"https:\/\/linitiative.ca\/International\/wp-json\/wp\/v2\/types\/post"}],"author":[{"embeddable":true,"href":"https:\/\/linitiative.ca\/International\/wp-json\/wp\/v2\/users\/1965"}],"replies":[{"embeddable":true,"href":"https:\/\/linitiative.ca\/International\/wp-json\/wp\/v2\/comments?post=145529"}],"version-history":[{"count":0,"href":"https:\/\/linitiative.ca\/International\/wp-json\/wp\/v2\/posts\/145529\/revisions"}],"wp:attachment":[{"href":"https:\/\/linitiative.ca\/International\/wp-json\/wp\/v2\/media?parent=145529"}],"wp:term":[{"taxonomy":"category","embeddable":true,"href":"https:\/\/linitiative.ca\/International\/wp-json\/wp\/v2\/categories?post=145529"},{"taxonomy":"post_tag","embeddable":true,"href":"https:\/\/linitiative.ca\/International\/wp-json\/wp\/v2\/tags?post=145529"}],"curies":[{"name":"wp","href":"https:\/\/api.w.org\/{rel}","templated":true}]}}