{"id":14553,"date":"2019-02-15T15:15:47","date_gmt":"2019-02-15T20:15:47","guid":{"rendered":"https:\/\/linitiative.ca\/International\/international-real-madrid-un-depart-envisage-par-gareth-bale-la-reponse\/"},"modified":"2019-02-15T15:15:47","modified_gmt":"2019-02-15T20:15:47","slug":"international-real-madrid-un-depart-envisage-par-gareth-bale-la-reponse","status":"publish","type":"post","link":"https:\/\/linitiative.ca\/International\/international-real-madrid-un-depart-envisage-par-gareth-bale-la-reponse\/","title":{"rendered":"International : Real Madrid : Un d\u00e9part envisag\u00e9 par Gareth Bale ? La r\u00e9ponse !"},"content":{"rendered":"<div readability=\"32\">\n<p>Auteur : <span class=\"time\">vendredi 15 f\u00e9vrier 2019 16:07<\/span><\/p>\n<\/div>\n<div id=\"post_core\" readability=\"41\">\n<p>Apr\u00e8s le d\u00e9part de Cristiano Ronaldo l\u2019\u00e9t\u00e9 dernier, Gareth Bale en fera-t-il de m\u00eame lors du prochain mercato ? Cela serait peu probable bien qu&rsquo;ABC assurait derni\u00e8rement que Florentino P\u00e9rez, pr\u00e9sident du Real Madrid, devrait pousser l\u2019international gallois vers la sortie en amont de la potentielle arriv\u00e9e d\u2019Eden Hazard. Le num\u00e9ro 11 merengue n\u2019aurait pas planifi\u00e9 de faire ses adieux au Santiago Bernabeu. \u00c0 en croire le Times, Gareth Bale n\u2019aurait nullement l\u2019intention de chercher un nouveau challenge. Le m\u00e9dia britannique l\u2019assure, le Gallois se sentirait chez lui au sein de la Casa Blanca o\u00f9 il dispose encore d\u2019un bail de trois ans et demi. Outre le plan contractuel, Bale serait combl\u00e9 sur le plan sportif de pouvoir \u00e9voluer dans le club qu\u2019il consid\u00e9rerait comme \u00e9tant le meilleur du monde et qui lui a d\u2019ailleurs permis de remporter quatre fois la Ligue des Champions en l\u2019espace de cinq saisons rapporte Le 10 Sport. De quoi att\u00e9nuer les rumeurs d&rsquo;un transfert du Real Madrid ?<\/p>\n<p><strong>Publi\u00e9 dans :<\/strong> <span>bale<\/span><\/p>\n<\/div>\n<p>Auteur:<br \/>\n<a href=\"http:\/\/www.lebuteur.com\/article\/detail?titre=real-madrid-un-depart-envisage-par-gareth-bale-la-reponse&#038;id=86410&#038;utm_source=feedburner&#038;utm_medium=feed&#038;utm_campaign=Feed%3A+GalerieFArtciles+%28Les+derniers+articles++-+lebuteur.com%29\">Cliquez ici pour lire l&rsquo;article depuis sa source.<\/a><\/p>\n","protected":false},"excerpt":{"rendered":"<p>Auteur : vendredi 15 f\u00e9vrier 2019 16:07 Apr\u00e8s le d\u00e9part de Cristiano Ronaldo l\u2019\u00e9t\u00e9 dernier, Gareth Bale en fera-t-il de m\u00eame lors du prochain mercato ? Cela serait peu probable bien qu&rsquo;ABC assurait derni\u00e8rement que Florentino P\u00e9rez, pr\u00e9sident du Real Madrid, devrait pousser l\u2019international gallois vers la sortie en amont de la potentielle arriv\u00e9e d\u2019Eden [&hellip;]<\/p>\n","protected":false},"author":1738,"featured_media":14554,"comment_status":"closed","ping_status":"closed","sticky":false,"template":"","format":"standard","meta":{"fifu_image_url":"","fifu_image_alt":"","footnotes":""},"categories":[53,75],"tags":[],"class_list":["post-14553","post","type-post","status-publish","format-standard","has-post-thumbnail","hentry","category-algerie","category-sport"],"_links":{"self":[{"href":"https:\/\/linitiative.ca\/International\/wp-json\/wp\/v2\/posts\/14553","targetHints":{"allow":["GET"]}}],"collection":[{"href":"https:\/\/linitiative.ca\/International\/wp-json\/wp\/v2\/posts"}],"about":[{"href":"https:\/\/linitiative.ca\/International\/wp-json\/wp\/v2\/types\/post"}],"author":[{"embeddable":true,"href":"https:\/\/linitiative.ca\/International\/wp-json\/wp\/v2\/users\/1738"}],"replies":[{"embeddable":true,"href":"https:\/\/linitiative.ca\/International\/wp-json\/wp\/v2\/comments?post=14553"}],"version-history":[{"count":0,"href":"https:\/\/linitiative.ca\/International\/wp-json\/wp\/v2\/posts\/14553\/revisions"}],"wp:featuredmedia":[{"embeddable":true,"href":"https:\/\/linitiative.ca\/International\/wp-json\/"}],"wp:attachment":[{"href":"https:\/\/linitiative.ca\/International\/wp-json\/wp\/v2\/media?parent=14553"}],"wp:term":[{"taxonomy":"category","embeddable":true,"href":"https:\/\/linitiative.ca\/International\/wp-json\/wp\/v2\/categories?post=14553"},{"taxonomy":"post_tag","embeddable":true,"href":"https:\/\/linitiative.ca\/International\/wp-json\/wp\/v2\/tags?post=14553"}],"curies":[{"name":"wp","href":"https:\/\/api.w.org\/{rel}","templated":true}]}}