{"id":145531,"date":"2022-04-14T16:18:04","date_gmt":"2022-04-14T20:18:04","guid":{"rendered":"https:\/\/linitiative.ca\/International\/cote-divoire-patrick-achi-vers-la-vice-presidence-politologue\/"},"modified":"2022-04-14T16:18:04","modified_gmt":"2022-04-14T20:18:04","slug":"cote-divoire-patrick-achi-vers-la-vice-presidence-politologue","status":"publish","type":"post","link":"https:\/\/linitiative.ca\/International\/cote-divoire-patrick-achi-vers-la-vice-presidence-politologue\/","title":{"rendered":"C\u00f4te d\u2019Ivoire : Patrick Achi vers la vice-pr\u00e9sidence (politologue)"},"content":{"rendered":"<div>\n<p><img decoding=\"async\" width=\"267\" height=\"188\" src=\"https:\/\/linitiative.ca\/International\/wp-content\/uploads\/sites\/23\/2022\/04\/16499674849934.jpg\" class=\"attachment-post-thumbnail size-post-thumbnail wp-post-image\" alt=\"\" loading=\"lazy\"><\/p>\n<p>Le politologue Eddie Guipi\u00e9 d\u00e9crypte, pour Apa news, les raisons et suites \u00e9ventuelles de la d\u00e9mission r\u00e9cente du premier ministre ivoirien, Patrick Achi.La d\u00e9mission de Patrick Achi du poste de Premier ministre est-elle une surprise ?<\/p>\n<p>On serait tent\u00e9 de dire \u00e0 la fois oui et non. Le fait qu&rsquo;il n&rsquo;ait pas \u00e9t\u00e9 limog\u00e9 ou que le gouvernement n&rsquo;ait pas \u00e9t\u00e9 dissous \u00e0 l&rsquo;initiative du pr\u00e9sident de la R\u00e9publique montre toutefois que Patrick Achi garde la confiance du chef de l&rsquo;Etat.<\/p>\n<p>Dans notre syst\u00e8me, lorsque le Premier ministre d\u00e9missionne, cela veut tout de suite dire qu&rsquo;il faut mettre en place un nouveau gouvernement. C&rsquo;est pourquoi, nous avons deux hypoth\u00e8ses. La premi\u00e8re serait que le gouvernement Patrick Achi est reconduit sur des bases beaucoup plus resserr\u00e9es avec moins de ministres pour r\u00e9pondre aux soucis et aux attentes des populations frapp\u00e9es par la vie ch\u00e8re.<\/p>\n<p>La seconde hypoth\u00e8se serait qu&rsquo;un autre Premier ministre soit nomm\u00e9 par le chef de l&rsquo;Etat pour conduire l&rsquo;action gouvernementale.<\/p>\n<p>Il faut savoir qu&rsquo;en politique, tous les jeux sont ouverts et on ne doit ignorer aucune hypoth\u00e8se. Il y a eu une d\u00e9p\u00eache deux \u00e0 trois heures avant la d\u00e9mission du Premier ministre qui indiquait qu&rsquo;il allait avoir une refonte gouvernementale et que le Premier ministre allait \u00eatre nomm\u00e9 comme vice-pr\u00e9sident et probable dauphin du chef de l&rsquo;Etat.<\/p>\n<p>Nous sommes dans une architecture constitutionnelle o\u00f9 le pr\u00e9sident a l&rsquo;initiative et cumule beaucoup de pouvoirs. Cela lui permet de choisir son dauphin ou de brouiller les cartes pour essayer de ralentir ou stopper les ambitions de certains cadres.<\/p>\n<p>Quelle \u00e9tait la nature des rapports entre le pr\u00e9sident Alassane Ouattara et Patrick Achi ?<\/p>\n<p>Ce sont des rapports cordiaux, des rapports de travail et de confiance (bien qu&rsquo;il soit issu du Parti d\u00e9mocratique de C\u00f4te d&rsquo;Ivoire, ex-alli\u00e9) parce que M. Patrick Achi, avant d&rsquo;\u00eatre Premier ministre, a \u00e9t\u00e9 Secr\u00e9taire g\u00e9n\u00e9ral de la pr\u00e9sidence de la R\u00e9publique. A ce poste, on c\u00f4toie tous les jours le pr\u00e9sident de la R\u00e9publique. C&rsquo;est la courroie de transmission du chef de l&rsquo;Etat. On ne peut pas confier ce poste \u00e0 quelqu&rsquo;un en qui on n&rsquo;a pas confiance. \u00a0<\/p>\n<p>Cela veut dire que c&rsquo;est un homme que le pr\u00e9sident a eu \u00e0 \u00e9prouver \u00e0 plusieurs charges. \u00a0<\/p>\n<p>\u00a0Le Premier ministre Patrick Achi est venu dans un contexte d&rsquo;urgence, o\u00f9 son pr\u00e9d\u00e9cesseur \u00e9tait d\u00e9c\u00e9d\u00e9. Il fallait donc tenir la barre gouvernementale et le chef de l&rsquo;Etat a d\u00e9cid\u00e9 de choisir celui qui aujourd&rsquo;hui est reconnu comme un technocrate.<\/p>\n<p>Ceci \u00e9tant, le chef de l&rsquo;Etat avait marqu\u00e9 son insatisfaction sur certains points, notamment sur le volet social, et le gouvernement a communiqu\u00e9 qu&rsquo;il devait r\u00e9pondre aux attentes sociales.<\/p>\n<p>Quel pourrait \u00eatre le profil du prochain Premier ministre ivoirien ?<\/p>\n<p>Je suis surpris par la d\u00e9mission du Premier ministre Achi qui ob\u00e9it toutefois \u00e0 des contraintes politiques. Le gouvernement d\u00e9missionne la plupart du temps apr\u00e8s des \u00e9lections capitales, mais dans ce cas de figure, on n&rsquo;a plus d&rsquo;\u00e9lection en ce moment. Les municipales, c&rsquo;est en 2023 et la pr\u00e9sidentielle en 2025.<\/p>\n<p>C&rsquo;est \u00e0 l&rsquo;issue des comp\u00e9titions \u00e9lectorales qu&rsquo;on remanie le gouvernement pour apporter un signal, alors qu&rsquo;aujourd&rsquo;hui, on se retrouve dans une p\u00e9riode tout \u00e0 fait assez atone qui n&rsquo;est pas propice \u00e0 un remaniement.<\/p>\n<p>Mais, le chef de l&rsquo;Etat a estim\u00e9 qu&rsquo;il fallait r\u00e9former son \u00e9quipe gouvernementale pour aussi r\u00e9pondre aux besoins des Ivoiriens.<\/p>\n<p>Pour ce qui concerne le profil du prochain Premier ministre, un technocrate, un cadre de l&rsquo;ancien Rassemblement des r\u00e9publicains (RDR, fond\u00e9 par Alassane Ouattara et devenu le Rassemblement des houphou\u00ebtistes pour la d\u00e9mocratie et la paix), peut-\u00eatre un astre de la finance internationale ou un diplomate. Je pense que le chef de l&rsquo;Etat a l&#8217;embarras du choix eu \u00e9gard \u00e0 la coalition gouvernementale, les ressources ne manquent pas.<\/p>\n<p>Mais il faut signaler que la Constitution oblige le pr\u00e9sident de la R\u00e9publique \u00e0 informer le Parlement r\u00e9uni en congr\u00e8s de sa d\u00e9cision de nomination du vice-pr\u00e9sident. Donc, je pense que c&rsquo;est \u00e0 cet exercice constitutionnel que va sacrifier le chef de l&rsquo;Etat pour informer le Parlement (l&rsquo;Assembl\u00e9e nationale et le S\u00e9nat le 19 avril 2022 \u00e0 Yamoussoukro).<\/p>\n<p>Maintenant, il peut aller au-del\u00e0 et faire un message beaucoup plus exhaustif pour essayer de donner un sens \u00e0 son projet. M\u00eame si le pr\u00e9sident a annonc\u00e9 un nouveau gouvernement (la semaine prochaine), Patrick Achi peut \u00eatre reconduit et quelqu&rsquo;un d&rsquo;autre peut \u00eatre choisi comme vice-pr\u00e9sident.<\/p>\n<p>Cet article <a rel=\"nofollow\" href=\"https:\/\/www.journalducameroun.com\/cote-divoire-patrick-achi-vers-la-vice-presidence-politologue\/\">C\u00f4te d\u2019Ivoire : Patrick Achi vers la vice-pr\u00e9sidence (politologue)<\/a> est apparu en premier sur <a rel=\"nofollow\" href=\"https:\/\/www.journalducameroun.com\/\">Journal du Cameroun<\/a>.<\/p>\n<\/div>\n<p>Auteur: APA News<br \/>\n<a href=\"https:\/\/www.journalducameroun.com\/cote-divoire-patrick-achi-vers-la-vice-presidence-politologue\/\">Cliquez ici pour lire l&rsquo;article depuis sa source.<\/a><\/p>\n","protected":false},"excerpt":{"rendered":"<p>Le politologue Eddie Guipi\u00e9 d\u00e9crypte, pour Apa news, les raisons et suites \u00e9ventuelles de la d\u00e9mission r\u00e9cente du premier ministre ivoirien, Patrick Achi.La d\u00e9mission de Patrick Achi du poste de Premier ministre est-elle une surprise ? On serait tent\u00e9 de dire \u00e0 la fois oui et non. Le fait qu&rsquo;il n&rsquo;ait pas \u00e9t\u00e9 limog\u00e9 ou [&hellip;]<\/p>\n","protected":false},"author":1965,"featured_media":0,"comment_status":"closed","ping_status":"closed","sticky":false,"template":"","format":"standard","meta":{"fifu_image_url":"https:\/\/www.journalducameroun.com\/wp-content\/uploads\/2022\/04\/16499674849934.jpg","fifu_image_alt":"C\u00f4te d\u2019Ivoire : Patrick Achi vers la vice-pr\u00e9sidence (politologue)","footnotes":""},"categories":[73,82],"tags":[],"class_list":["post-145531","post","type-post","status-publish","format-standard","hentry","category-actualite","category-cameroun"],"_links":{"self":[{"href":"https:\/\/linitiative.ca\/International\/wp-json\/wp\/v2\/posts\/145531","targetHints":{"allow":["GET"]}}],"collection":[{"href":"https:\/\/linitiative.ca\/International\/wp-json\/wp\/v2\/posts"}],"about":[{"href":"https:\/\/linitiative.ca\/International\/wp-json\/wp\/v2\/types\/post"}],"author":[{"embeddable":true,"href":"https:\/\/linitiative.ca\/International\/wp-json\/wp\/v2\/users\/1965"}],"replies":[{"embeddable":true,"href":"https:\/\/linitiative.ca\/International\/wp-json\/wp\/v2\/comments?post=145531"}],"version-history":[{"count":0,"href":"https:\/\/linitiative.ca\/International\/wp-json\/wp\/v2\/posts\/145531\/revisions"}],"wp:attachment":[{"href":"https:\/\/linitiative.ca\/International\/wp-json\/wp\/v2\/media?parent=145531"}],"wp:term":[{"taxonomy":"category","embeddable":true,"href":"https:\/\/linitiative.ca\/International\/wp-json\/wp\/v2\/categories?post=145531"},{"taxonomy":"post_tag","embeddable":true,"href":"https:\/\/linitiative.ca\/International\/wp-json\/wp\/v2\/tags?post=145531"}],"curies":[{"name":"wp","href":"https:\/\/api.w.org\/{rel}","templated":true}]}}