{"id":145534,"date":"2022-04-14T04:59:27","date_gmt":"2022-04-14T08:59:27","guid":{"rendered":"https:\/\/linitiative.ca\/International\/le-camerounais-dieudonne-evou-mekou-nomme-president-de-la-bdeac\/"},"modified":"2022-04-14T04:59:27","modified_gmt":"2022-04-14T08:59:27","slug":"le-camerounais-dieudonne-evou-mekou-nomme-president-de-la-bdeac","status":"publish","type":"post","link":"https:\/\/linitiative.ca\/International\/le-camerounais-dieudonne-evou-mekou-nomme-president-de-la-bdeac\/","title":{"rendered":"Le Camerounais Dieudonn\u00e9 Evou Mekou nomm\u00e9 Pr\u00e9sident de la BDEAC"},"content":{"rendered":"<div>\n<p>Le Camerounais Dieudonn\u00e9 Evou Mekou est le nouveau pr\u00e9sident de la Banque de D\u00e9veloppement des Etats de l\u2019Afrique Centrale (BDEAC). Il a \u00e9t\u00e9 nomm\u00e9 en remplacement de l\u2019Equato-guin\u00e9en Fortunato Ofa Mbo Nchama, dont le mandat de 5 ans \u00e0 la t\u00eate de cette institution est arriv\u00e9 \u00e0 expiration le 18 mars 2022. Dieudonn\u00e9 Evou Mekou, par ailleurs actuel vice-gouverneur de la Banque des Etats de l\u2019Afrique centrale(Beac), est donc d\u00e9sign\u00e9 par la Conf\u00e9rence des Chefs d\u2019Etat de la Cemac, sur proposition de l\u2019Assembl\u00e9e G\u00e9n\u00e9rale, apr\u00e8s avis conforme du Conseil d\u2019Administration, statuant \u00e0 la majorit\u00e9 des voix.<\/p>\n<p><strong>Lire aussi : <a href=\"https:\/\/ecomatin.net\/presidence-de-la-bdeac-la-bataille-des-s-favoris\/\">Pr\u00e9sidence de la Bdeac : la bataille des favoris\u00a0<\/a><\/strong><\/p>\n<p>En effet, l\u2019ancien directeur de la Caisse autonome d\u2019amortissement (CAA) pr\u00e9sentait le meilleur profil pour ce poste, parmi les favoris qui se bousculaient \u00e0 la porte. En tant que vice-gouverneur de la Beac, il \u00e9tait d\u00e9j\u00e0 cr\u00e9dit\u00e9 d\u2019une relative maitrise du management d\u2019un organisme sous-r\u00e9gional, et sa proximit\u00e9 avec le Chef de l\u2019Etat camerounais Paul Biya, dont il est le neveu, lui procurait une longueur d\u2019avance suppl\u00e9mentaire sur les autres. Il occupe ce poste \u00e0 la Beac depuis juillet 2017 et son mandat devrait logiquement s\u2019achever cette ann\u00e9e.<\/p>\n<p><strong>Parcours<\/strong><\/p>\n<p>L\u2019homme de 61 ans est un administrateur civil de formation, sorti de l\u2019\u00c9cole Nationale d\u2019Administration et de Magistrature (Enam) en 1987. Au sortir de l\u00e0, Dieudonn\u00e9 Evou Mekou a suivi une formation en management des risques bancaires au Centre d\u2019\u00e9tudes financi\u00e8res \u00e9conomiques et bancaires de l\u2019Agence fran\u00e7aise d\u00e9veloppement (AFD) \u00e0 Marseille en France. Il a d\u00e9but\u00e9 sa carri\u00e8re professionnelle dans le d\u00e9funt minist\u00e8re du D\u00e9veloppement industriel et commercial, devenu minist\u00e8re des Mines, de l\u2019Industrie et du D\u00e9veloppement Technologique. De 1991 \u00e0 2000, il a offert ses services au secr\u00e9tariat g\u00e9n\u00e9ral des services du Premier ministre, au sein de la division des affaires \u00e9conomiques, techniques et financi\u00e8res comme attach\u00e9, puis comme charg\u00e9 de mission, au sein de la division des affaires \u00e9conomiques et financi\u00e8res du suivi des activit\u00e9s du minist\u00e8re du Tourisme, du minist\u00e8re du D\u00e9veloppement industriel, ainsi que du minist\u00e8re de l\u2019Economie et des Finances.<\/p>\n<p><strong>Lire aussi : <a href=\"https:\/\/ecomatin.net\/marche-financier-la-bdeac-fait-coter-114-millions-de-titres-obligataires-a-la-bvmac23\/\">March\u00e9 financier : la Bdeac fait coter 11,4 millions de titres obligataires \u00e0 la Bvmac<\/a><\/strong><\/p>\n<p>En 2000, Dieudonn\u00e9 Evou Mekou est nomm\u00e9 administrateur directeur g\u00e9n\u00e9ral adjoint du Cr\u00e9dit Lyonnais Cameroun. En 2005, il est nomm\u00e9 Directeur G\u00e9n\u00e9ral de la caisse autonome d\u2019amortissement (CAA), poste qu\u2019il occupera jusqu\u2019en 2016 avant de de rejoindre la Banque centrale.<\/p>\n<p>L\u2019article <a rel=\"nofollow\" href=\"https:\/\/ecomatin.net\/le-camerounais-dieudonne-evou-mekou-nomme-president-de-la-bdeac\/\">Le Camerounais Dieudonn\u00e9 Evou Mekou nomm\u00e9 Pr\u00e9sident de la BDEAC<\/a> est apparu en premier sur <a rel=\"nofollow\" href=\"https:\/\/ecomatin.net\/\">EcoMatin<\/a>.<\/p>\n<\/div>\n<p>Auteur: Yannick KENNE<br \/>\n<a href=\"https:\/\/ecomatin.net\/le-camerounais-dieudonne-evou-mekou-nomme-president-de-la-bdeac\/\">Cliquez ici pour lire l&rsquo;article depuis sa source.<\/a><\/p>\n","protected":false},"excerpt":{"rendered":"<p>Le Camerounais Dieudonn\u00e9 Evou Mekou est le nouveau pr\u00e9sident de la Banque de D\u00e9veloppement des Etats de l\u2019Afrique Centrale (BDEAC). Il a \u00e9t\u00e9 nomm\u00e9 en remplacement de l\u2019Equato-guin\u00e9en Fortunato Ofa Mbo Nchama, dont le mandat de 5 ans \u00e0 la t\u00eate de cette institution est arriv\u00e9 \u00e0 expiration le 18 mars 2022. Dieudonn\u00e9 Evou Mekou, [&hellip;]<\/p>\n","protected":false},"author":1969,"featured_media":0,"comment_status":"closed","ping_status":"closed","sticky":false,"template":"","format":"standard","meta":{"fifu_image_url":"","fifu_image_alt":"","footnotes":""},"categories":[82,78],"tags":[],"class_list":["post-145534","post","type-post","status-publish","format-standard","hentry","category-cameroun","category-economie"],"_links":{"self":[{"href":"https:\/\/linitiative.ca\/International\/wp-json\/wp\/v2\/posts\/145534","targetHints":{"allow":["GET"]}}],"collection":[{"href":"https:\/\/linitiative.ca\/International\/wp-json\/wp\/v2\/posts"}],"about":[{"href":"https:\/\/linitiative.ca\/International\/wp-json\/wp\/v2\/types\/post"}],"author":[{"embeddable":true,"href":"https:\/\/linitiative.ca\/International\/wp-json\/wp\/v2\/users\/1969"}],"replies":[{"embeddable":true,"href":"https:\/\/linitiative.ca\/International\/wp-json\/wp\/v2\/comments?post=145534"}],"version-history":[{"count":0,"href":"https:\/\/linitiative.ca\/International\/wp-json\/wp\/v2\/posts\/145534\/revisions"}],"wp:attachment":[{"href":"https:\/\/linitiative.ca\/International\/wp-json\/wp\/v2\/media?parent=145534"}],"wp:term":[{"taxonomy":"category","embeddable":true,"href":"https:\/\/linitiative.ca\/International\/wp-json\/wp\/v2\/categories?post=145534"},{"taxonomy":"post_tag","embeddable":true,"href":"https:\/\/linitiative.ca\/International\/wp-json\/wp\/v2\/tags?post=145534"}],"curies":[{"name":"wp","href":"https:\/\/api.w.org\/{rel}","templated":true}]}}