{"id":145535,"date":"2022-04-14T11:54:02","date_gmt":"2022-04-14T15:54:02","guid":{"rendered":"https:\/\/linitiative.ca\/International\/camtel-sappuie-sur-mtn-pour-etendre-son-reseau-dans-les-zones-non-couvertes-du-pays\/"},"modified":"2022-04-14T11:54:02","modified_gmt":"2022-04-14T15:54:02","slug":"camtel-sappuie-sur-mtn-pour-etendre-son-reseau-dans-les-zones-non-couvertes-du-pays","status":"publish","type":"post","link":"https:\/\/linitiative.ca\/International\/camtel-sappuie-sur-mtn-pour-etendre-son-reseau-dans-les-zones-non-couvertes-du-pays\/","title":{"rendered":"Camtel s\u2019appuie sur Mtn pour \u00e9tendre son r\u00e9seau dans les zones non couvertes du pays"},"content":{"rendered":"<div>\n<p>Les op\u00e9rateurs de t\u00e9l\u00e9communications Cameroon Telecomunications (Camtel) et Mtn Cameroon, ont sign\u00e9 le mercredi 13 avril 2022 \u00e0 Johannesburg en Afrique du Sud, un accord strat\u00e9gique d\u2019itin\u00e9rance du r\u00e9seau national. L\u2019entreprise publique Camtel \u00e9tait repr\u00e9sent\u00e9e \u00e0 cette signature par sa directrice g\u00e9n\u00e9rale Judith Yah Sunday Achidi, tandis que Ralph Mupita, le pr\u00e9sident directeur g\u00e9n\u00e9ral de Mtn Group, et Stephen Blewett, Dg de Mtn Cameroon, repr\u00e9sentaient les int\u00e9r\u00eats de leur entreprise. Cet accord va permettre \u00e0 l\u2019op\u00e9rateur public de t\u00e9l\u00e9communications de b\u00e9n\u00e9ficier de la couverture 2G\/3G et 4G dont est tributaire Mtn \u00e0 travers le territoire national.<\/p>\n<p><strong>Lire aussi : <a href=\"https:\/\/ecomatin.net\/telecommunications-camtel-pose-1200km-de-fibre-optique-pour-ameliorer-la-couverture-numerique-nationale\/\">T\u00e9l\u00e9communications : Camtel pose 1200km de fibre optique pour am\u00e9liorer la couverture num\u00e9rique nationale<\/a><\/strong><\/p>\n<p>Concr\u00e8tement, \u00ab\u00a0les abonn\u00e9s de Camtel b\u00e9n\u00e9ficieront d\u2019un acc\u00e8s \u00e0 l\u2019infrastructure r\u00e9seau existante de MTN, qui couvre 97\u00a0% de la population en 2G, 90\u00a0% en 3G et 70\u00a0% en 4G, permettant \u00e0 Camtel d\u2019\u00e9tendre sa couverture g\u00e9ographique pour une exp\u00e9rience client consid\u00e9rablement am\u00e9lior\u00e9e\u00a0\u00bb, renseigne le communiqu\u00e9 publi\u00e9 par Mtn Group sur son site internet. Et le PDG de Mtn group de rench\u00e9rir :\u00a0\u00ab L\u2019accord d\u2019itin\u00e9rance avec la soci\u00e9t\u00e9 d\u2019\u00c9tat Camtel est un d\u00e9veloppement important dans notre travail pour y parvenir : nous sommes ravis de rapprocher nos services de classe mondiale de la population camerounaise\u00a0\u00bb, se r\u00e9jouit\u00a0Ralph Mupita.<\/p>\n<p><strong>Lire aussi : <a href=\"https:\/\/ecomatin.net\/telephonie-mobile-camtel-prepare-le-lancement-imminent-de-blue-mobile\/\">T\u00e9l\u00e9phonie mobile : Camtel pr\u00e9pare le lancement imminent de Blue mobile<\/a><\/strong><\/p>\n<p>En effet, l\u2019op\u00e9rateur Mtn est celui dont les installations occupent une importante partie du territoire camerounais, et qui garantit un acc\u00e8s plus efficace au r\u00e9seau. Gr\u00e2ce \u00e0 cet accord, l\u2019op\u00e9rateur Camtel devra donc b\u00e9n\u00e9ficier des installations de Mtn pour assurer l\u2019itin\u00e9rance de son r\u00e9seau dans des zones non encore couvertes, et r\u00e9aliser ainsi des \u00e9conomies sur son budget d\u2019investissement, dont une quote-part sera sans doute reverser \u00e0 Mtn en contrepartie. \u00ab\u00a0Nous voulons offrir un environnement o\u00f9 la technologie facilite la vie quotidienne des gens, leur apportant de la valeur o\u00f9 qu\u2019ils soient\u00a0\u00bb, a d\u00e9clar\u00e9 la Dg de Camtel.<\/p>\n<p><strong>Lire aussi : <a href=\"https:\/\/ecomatin.net\/mobile-money-mtn-et-orange-baissent-conjointement-leurs-tarifs-sur-certains-envois-et-retraits-dargent\/\">Mobile money\u00a0: Mtn et Orange baissent conjointement leurs tarifs sur certains envois et retraits d\u2019argent<\/a><\/strong><\/p>\n<p>Cet accord \u00e9pouse le projet strat\u00e9gique 2025 du groupe MTN, dont l\u2019objectif est de proposer des solutions num\u00e9riques pour l\u2019\u00e9mergence de l\u2019Afrique.<\/p>\n<p>L\u2019article <a rel=\"nofollow\" href=\"https:\/\/ecomatin.net\/camtel-sappuie-sur-mtn-pour-etendre-son-reseau-dans-les-zones-non-couvertes-s-du-pays\/\">Camtel s\u2019appuie sur Mtn pour \u00e9tendre son r\u00e9seau dans les zones non couvertes du pays<\/a> est apparu en premier sur <a rel=\"nofollow\" href=\"https:\/\/ecomatin.net\/\">EcoMatin<\/a>.<\/p>\n<\/div>\n<p>Auteur: Yannick KENNE<br \/>\n<a href=\"https:\/\/ecomatin.net\/camtel-sappuie-sur-mtn-pour-etendre-son-reseau-dans-les-zones-non-couvertes-s-du-pays\/\">Cliquez ici pour lire l&rsquo;article depuis sa source.<\/a><\/p>\n","protected":false},"excerpt":{"rendered":"<p>Les op\u00e9rateurs de t\u00e9l\u00e9communications Cameroon Telecomunications (Camtel) et Mtn Cameroon, ont sign\u00e9 le mercredi 13 avril 2022 \u00e0 Johannesburg en Afrique du Sud, un accord strat\u00e9gique d\u2019itin\u00e9rance du r\u00e9seau national. L\u2019entreprise publique Camtel \u00e9tait repr\u00e9sent\u00e9e \u00e0 cette signature par sa directrice g\u00e9n\u00e9rale Judith Yah Sunday Achidi, tandis que Ralph Mupita, le pr\u00e9sident directeur g\u00e9n\u00e9ral de [&hellip;]<\/p>\n","protected":false},"author":1969,"featured_media":0,"comment_status":"closed","ping_status":"closed","sticky":false,"template":"","format":"standard","meta":{"fifu_image_url":"","fifu_image_alt":"","footnotes":""},"categories":[82,78],"tags":[],"class_list":["post-145535","post","type-post","status-publish","format-standard","hentry","category-cameroun","category-economie"],"_links":{"self":[{"href":"https:\/\/linitiative.ca\/International\/wp-json\/wp\/v2\/posts\/145535","targetHints":{"allow":["GET"]}}],"collection":[{"href":"https:\/\/linitiative.ca\/International\/wp-json\/wp\/v2\/posts"}],"about":[{"href":"https:\/\/linitiative.ca\/International\/wp-json\/wp\/v2\/types\/post"}],"author":[{"embeddable":true,"href":"https:\/\/linitiative.ca\/International\/wp-json\/wp\/v2\/users\/1969"}],"replies":[{"embeddable":true,"href":"https:\/\/linitiative.ca\/International\/wp-json\/wp\/v2\/comments?post=145535"}],"version-history":[{"count":0,"href":"https:\/\/linitiative.ca\/International\/wp-json\/wp\/v2\/posts\/145535\/revisions"}],"wp:attachment":[{"href":"https:\/\/linitiative.ca\/International\/wp-json\/wp\/v2\/media?parent=145535"}],"wp:term":[{"taxonomy":"category","embeddable":true,"href":"https:\/\/linitiative.ca\/International\/wp-json\/wp\/v2\/categories?post=145535"},{"taxonomy":"post_tag","embeddable":true,"href":"https:\/\/linitiative.ca\/International\/wp-json\/wp\/v2\/tags?post=145535"}],"curies":[{"name":"wp","href":"https:\/\/api.w.org\/{rel}","templated":true}]}}