{"id":145537,"date":"2022-04-15T08:00:49","date_gmt":"2022-04-15T12:00:49","guid":{"rendered":"https:\/\/linitiative.ca\/International\/un-taux-de-croissance-de-11-pour-le-maroc-en-2022\/"},"modified":"2022-04-15T08:00:49","modified_gmt":"2022-04-15T12:00:49","slug":"un-taux-de-croissance-de-11-pour-le-maroc-en-2022","status":"publish","type":"post","link":"https:\/\/linitiative.ca\/International\/un-taux-de-croissance-de-11-pour-le-maroc-en-2022\/","title":{"rendered":"Un taux de croissance de 1,1% pour le Maroc en 2022"},"content":{"rendered":"<div>\n<p><img decoding=\"async\" width=\"300\" height=\"153\" src=\"https:\/\/linitiative.ca\/International\/wp-content\/uploads\/sites\/23\/2022\/04\/croissance-300x153-1.jpg\" class=\"attachment-medium size-medium wp-post-image\" alt=\"\" loading=\"lazy\" srcset=\"https:\/\/linitiative.ca\/International\/wp-content\/uploads\/sites\/23\/2022\/04\/croissance-300x153-1.jpg 300w, https:\/\/aujourdhui.ma\/wp-content\/uploads\/2022\/04\/croissance-274x140.jpg 274w, https:\/\/aujourdhui.ma\/wp-content\/uploads\/2022\/04\/croissance.jpg 746w, https:\/\/aujourdhui.ma\/wp-content\/uploads\/2022\/04\/croissance-165x84.jpg 165w, https:\/\/aujourdhui.ma\/wp-content\/uploads\/2022\/04\/croissance-702x358.jpg 702w\" sizes=\"auto, (max-width: 300px) 100vw, 300px\"><\/p>\n<p><span style=\"font-size: 20px; color: #800000;\"><strong>La Banque mondiale le confirme dans son dernier bulletin \u00e9conomique<\/strong> <\/span><span id=\"more-405258\"><\/span><\/p>\n<p><span style=\"color: #ff0000;\">Cette d\u00e9c\u00e9l\u00e9ration ne tardera pas \u00e0 se dissiper puisqu\u2019en 2023 l\u2019activit\u00e9 \u00e9conomique nationale devrait reprendre son \u00e9lan et atteindre une croissance de 4,3%.\u00a0<\/span><\/p>\n<p>La Banque mondiale anticipe un ralentissement du rythme de croissance de l\u2019\u00e9conomie nationale. Les projections formul\u00e9es dans le r\u00e9cent bulletin d\u2019information \u00e9conomique de la Banque pour la r\u00e9gion Mena pr\u00e9voient pour le Maroc une croissance de 1,1% contre 7,4% en 2021. Cette d\u00e9c\u00e9l\u00e9ration ne tardera pas \u00e0 se dissiper puisqu\u2019en 2023 l\u2019activit\u00e9 \u00e9conomique nationale devrait reprendre son \u00e9lan et atteindre une croissance de 4,3%. Pour ce qui est de la croissance du PIB r\u00e9el par habitant, elle reviendrait selon la Banque mondiale \u00e0 -0,1% pour se hisser \u00e0 3,1% en 2023. Les pr\u00e9visions du compte courant laissent pr\u00e9dire pour le Maroc un solde n\u00e9gatif de 5,5%. Il s\u2019\u00e9tablirait \u00e0 -4% en 2023. Pour ce qui est du solde budg\u00e9taire, il ressortirait \u00e0 -6,2% en 2022 et \u00e0 -5,8% en 2023. D\u2019un point de vue plus global, la Banque mondiale pr\u00e9voit une reprise in\u00e9gale dans la r\u00e9gion MENA. Le BIP r\u00e9gional devrait augmenter de 5,2% d\u2019ici la fin de l\u2019ann\u00e9e, soit le taux de croissance le plus rapide depuis 2016. Toutefois l\u2019incertitude continue \u00e0 planer, du fait de la menace que repr\u00e9sentent les variants de la Covid-19 ainsi que le conflit entre la Russie et l\u2019Ukraine.<\/p>\n<p>Pour la Banque mondiale, les pressions inflationnistes cr\u00e9\u00e9es par la pand\u00e9mie sont exacerb\u00e9es par la guerre en Ukraine. D\u2019autant plus que les pays MENA d\u00e9pendent fortement des importations de denr\u00e9es alimentaires, notamment de bl\u00e9 en provenance de Russie et d\u2019Ukraine. \u00abEn ces temps d\u2019incertitude, nous devons faire preuve de r\u00e9alisme quant aux perspectives de croissance de la r\u00e9gion. G\u00e9rer cette vague d\u2019incertitude est un d\u00e9fi majeur pour les d\u00e9cideurs, et la Banque mondiale est d\u00e9termin\u00e9e \u00e0 travailler avec les gouvernements de la r\u00e9gion MENA en cette p\u00e9riode de risques aggrav\u00e9s\u00bb, apprend-on de Ferid Belhaj, vice-pr\u00e9sident de la Banque mondiale pour la r\u00e9gion MENA. Malgr\u00e9 le taux de croissance annonc\u00e9 \u00e0 5,2%, la Banque mondiale indique dans son bulletin \u00e9conomique intitul\u00e9 \u00abConfrontation avec la r\u00e9alit\u00e9\u00a0: pr\u00e9visions de croissance dans la r\u00e9gion Moyen-Orient et Afrique du Nord en p\u00e9riode d\u2019incertitude\u00bb, que le PIB par habitant, indicateur du niveau de vie des populations, d\u00e9passera \u00e0 peine les taux d\u2019avant la pand\u00e9mie.<\/p>\n<p>Ceci s\u2019explique par les performances g\u00e9n\u00e9ralement m\u00e9diocres en 2020 et 2021. Dans les pays du Conseil de coop\u00e9ration du Golfe, le PIB par habitant, stimul\u00e9 par la hausse des prix du p\u00e9trole, devrait augmenter de 4,5% en 2022. Toutefois, il ne retrouvera pas son niveau d\u2019avant la pand\u00e9mie avant 2023.<br \/>\nPar ailleurs, le PIB par habitant des pays exportateurs de p\u00e9trole \u00e0 revenu interm\u00e9diaire devrait augmenter en 2022 de 3%. Une hausse de 2,4% est \u00e9galement attendue au niveau de pays importateurs de p\u00e9trole de la r\u00e9gion.<\/p>\n<\/div>\n<p>Auteur: ALM<br \/>\n<a href=\"https:\/\/aujourdhui.ma\/economie\/un-taux-de-croissance-de-11-pour-le-maroc-en-2022\">Cliquez ici pour lire l&rsquo;article depuis sa source.<\/a><\/p>\n","protected":false},"excerpt":{"rendered":"<p>La Banque mondiale le confirme dans son dernier bulletin \u00e9conomique Cette d\u00e9c\u00e9l\u00e9ration ne tardera pas \u00e0 se dissiper puisqu\u2019en 2023 l\u2019activit\u00e9 \u00e9conomique nationale devrait reprendre son \u00e9lan et atteindre une croissance de 4,3%.\u00a0 La Banque mondiale anticipe un ralentissement du rythme de croissance de l\u2019\u00e9conomie nationale. Les projections formul\u00e9es dans le r\u00e9cent bulletin d\u2019information \u00e9conomique [&hellip;]<\/p>\n","protected":false},"author":1759,"featured_media":0,"comment_status":"closed","ping_status":"closed","sticky":false,"template":"","format":"standard","meta":{"fifu_image_url":"https:\/\/aujourdhui.ma\/wp-content\/uploads\/2022\/04\/croissance-300x153.jpg","fifu_image_alt":"Un taux de croissance de 1,1% pour le Maroc en 2022","footnotes":""},"categories":[73,54],"tags":[],"class_list":["post-145537","post","type-post","status-publish","format-standard","hentry","category-actualite","category-maroc"],"_links":{"self":[{"href":"https:\/\/linitiative.ca\/International\/wp-json\/wp\/v2\/posts\/145537","targetHints":{"allow":["GET"]}}],"collection":[{"href":"https:\/\/linitiative.ca\/International\/wp-json\/wp\/v2\/posts"}],"about":[{"href":"https:\/\/linitiative.ca\/International\/wp-json\/wp\/v2\/types\/post"}],"author":[{"embeddable":true,"href":"https:\/\/linitiative.ca\/International\/wp-json\/wp\/v2\/users\/1759"}],"replies":[{"embeddable":true,"href":"https:\/\/linitiative.ca\/International\/wp-json\/wp\/v2\/comments?post=145537"}],"version-history":[{"count":0,"href":"https:\/\/linitiative.ca\/International\/wp-json\/wp\/v2\/posts\/145537\/revisions"}],"wp:attachment":[{"href":"https:\/\/linitiative.ca\/International\/wp-json\/wp\/v2\/media?parent=145537"}],"wp:term":[{"taxonomy":"category","embeddable":true,"href":"https:\/\/linitiative.ca\/International\/wp-json\/wp\/v2\/categories?post=145537"},{"taxonomy":"post_tag","embeddable":true,"href":"https:\/\/linitiative.ca\/International\/wp-json\/wp\/v2\/tags?post=145537"}],"curies":[{"name":"wp","href":"https:\/\/api.w.org\/{rel}","templated":true}]}}