{"id":145541,"date":"2022-04-15T09:11:44","date_gmt":"2022-04-15T13:11:44","guid":{"rendered":"https:\/\/linitiative.ca\/International\/federation-de-lenergie-un-nouveau-mandat-pour-rachid-idrissi-kaitouni-2022-2025\/"},"modified":"2022-04-15T09:11:44","modified_gmt":"2022-04-15T13:11:44","slug":"federation-de-lenergie-un-nouveau-mandat-pour-rachid-idrissi-kaitouni-2022-2025","status":"publish","type":"post","link":"https:\/\/linitiative.ca\/International\/federation-de-lenergie-un-nouveau-mandat-pour-rachid-idrissi-kaitouni-2022-2025\/","title":{"rendered":"F\u00e9d\u00e9ration de l\u2019\u00e9nergie : un nouveau mandat pour Rachid Idrissi Kaitouni (2022-2025)"},"content":{"rendered":"<div>\n<p><img decoding=\"async\" width=\"300\" height=\"153\" src=\"https:\/\/linitiative.ca\/International\/wp-content\/uploads\/sites\/23\/2022\/04\/Federation-de-lenergie-un-nouveau-mandat-pour-Rachid-Idrissi-Kaitoui-2022-2025-300x153-1.png\" class=\"attachment-medium size-medium wp-post-image\" alt=\"\" loading=\"lazy\" srcset=\"https:\/\/linitiative.ca\/International\/wp-content\/uploads\/sites\/23\/2022\/04\/Federation-de-lenergie-un-nouveau-mandat-pour-Rachid-Idrissi-Kaitoui-2022-2025-300x153-1.png 300w, https:\/\/aujourdhui.ma\/wp-content\/uploads\/2022\/04\/Federation-de-lenergie-un-nouveau-mandat-pour-Rachid-Idrissi-Kaitoui-2022-2025-274x140.png 274w, https:\/\/aujourdhui.ma\/wp-content\/uploads\/2022\/04\/Federation-de-lenergie-un-nouveau-mandat-pour-Rachid-Idrissi-Kaitoui-2022-2025.png 746w, https:\/\/aujourdhui.ma\/wp-content\/uploads\/2022\/04\/Federation-de-lenergie-un-nouveau-mandat-pour-Rachid-Idrissi-Kaitoui-2022-2025-165x84.png 165w, https:\/\/aujourdhui.ma\/wp-content\/uploads\/2022\/04\/Federation-de-lenergie-un-nouveau-mandat-pour-Rachid-Idrissi-Kaitoui-2022-2025-702x358.png 702w\" sizes=\"auto, (max-width: 300px) 100vw, 300px\"><\/p>\n<p><span style=\"color: #800000;\"><strong>Un nouveau mandat pour Mohamed Rachid Idrissi Kaitouni. Il sera, de 2022 \u00e0 2025, pr\u00e9sident de la F\u00e9d\u00e9ration de l\u2019Energie qui a tenu, le jeudi 14 avril, son Assemble\u0301e Ge\u0301ne\u0301rale \u00c9lective sous sa pr\u00e9sidence pour la nomination des membres de son bureau pour ce mandat.<\/strong><\/span><span id=\"more-405346\"><\/span><\/p>\n<p>A l\u2019issue de cette assembl\u00e9e, les membres de la F\u00e9d\u00e9ration de l\u2019Energie ont d\u00e9cid\u00e9 \u00e0 l\u2019unanimit\u00e9 de retenir et \u00e9lire la seule liste d\u00e9pos\u00e9e compos\u00e9e de 7 membres. Il s\u2019agit de M. Idrissi Kaitouni, Ahmed Nakkouch (Vice-Pr\u00e9sident), Sa\u00efd El Hadi (Vice-Pr\u00e9sident), Abderrahim El Hafidi (Vice-Pr\u00e9sident), Amina Benkhadra (Vice-Pr\u00e9sidente), Philippe Miquel (Tr\u00e9sorier) et Jean Pascal Darriet (Tr\u00e9sorier adjoint).<\/p>\n<p>C\u2019est ainsi qu\u2019\u00e0 la suite de l\u2019Assembl\u00e9e, les membres du bureau de la F\u00e9d\u00e9ration de l\u2019Energie ont d\u00e9cid\u00e9 \u00e0 l\u2019unanimit\u00e9 de nommer en qualit\u00e9 de Pr\u00e9sident M. Idrissi Kaitouni.<\/p>\n<p>Par la suite, le Bureau de la F\u00e9d\u00e9ration a nomm\u00e9 Mostafa Labraq en tant que secr\u00e9taire g\u00e9n\u00e9ral de la F\u00e9d\u00e9ration de l\u2019Energie.<\/p>\n<p>A signaler que pour le mandat 2022-2025, le Pr\u00e9sident de la F\u00e9d\u00e9ration de l\u2019Energie a choisi un Conseiller en la personne de Nawfal EL Fadil, Directeur G\u00e9n\u00e9ral de EDF Maroc.<\/p>\n<\/div>\n<p>Auteur: ALM<br \/>\n<a href=\"https:\/\/aujourdhui.ma\/actualite\/federation-de-lenergie-un-nouveau-mandat-pour-rachid-idrissi-kaitouni-2022-2025\">Cliquez ici pour lire l&rsquo;article depuis sa source.<\/a><\/p>\n","protected":false},"excerpt":{"rendered":"<p>Un nouveau mandat pour Mohamed Rachid Idrissi Kaitouni. Il sera, de 2022 \u00e0 2025, pr\u00e9sident de la F\u00e9d\u00e9ration de l\u2019Energie qui a tenu, le jeudi 14 avril, son Assemble\u0301e Ge\u0301ne\u0301rale \u00c9lective sous sa pr\u00e9sidence pour la nomination des membres de son bureau pour ce mandat. A l\u2019issue de cette assembl\u00e9e, les membres de la F\u00e9d\u00e9ration [&hellip;]<\/p>\n","protected":false},"author":1759,"featured_media":0,"comment_status":"closed","ping_status":"closed","sticky":false,"template":"","format":"standard","meta":{"fifu_image_url":"https:\/\/aujourdhui.ma\/wp-content\/uploads\/2022\/04\/Federation-de-lenergie-un-nouveau-mandat-pour-Rachid-Idrissi-Kaitoui-2022-2025-300x153.png","fifu_image_alt":"F\u00e9d\u00e9ration de l\u2019\u00e9nergie : un nouveau mandat pour Rachid Idrissi Kaitouni (2022-2025)","footnotes":""},"categories":[73,54],"tags":[],"class_list":["post-145541","post","type-post","status-publish","format-standard","hentry","category-actualite","category-maroc"],"_links":{"self":[{"href":"https:\/\/linitiative.ca\/International\/wp-json\/wp\/v2\/posts\/145541","targetHints":{"allow":["GET"]}}],"collection":[{"href":"https:\/\/linitiative.ca\/International\/wp-json\/wp\/v2\/posts"}],"about":[{"href":"https:\/\/linitiative.ca\/International\/wp-json\/wp\/v2\/types\/post"}],"author":[{"embeddable":true,"href":"https:\/\/linitiative.ca\/International\/wp-json\/wp\/v2\/users\/1759"}],"replies":[{"embeddable":true,"href":"https:\/\/linitiative.ca\/International\/wp-json\/wp\/v2\/comments?post=145541"}],"version-history":[{"count":0,"href":"https:\/\/linitiative.ca\/International\/wp-json\/wp\/v2\/posts\/145541\/revisions"}],"wp:attachment":[{"href":"https:\/\/linitiative.ca\/International\/wp-json\/wp\/v2\/media?parent=145541"}],"wp:term":[{"taxonomy":"category","embeddable":true,"href":"https:\/\/linitiative.ca\/International\/wp-json\/wp\/v2\/categories?post=145541"},{"taxonomy":"post_tag","embeddable":true,"href":"https:\/\/linitiative.ca\/International\/wp-json\/wp\/v2\/tags?post=145541"}],"curies":[{"name":"wp","href":"https:\/\/api.w.org\/{rel}","templated":true}]}}