{"id":145543,"date":"2022-04-15T11:00:04","date_gmt":"2022-04-15T15:00:04","guid":{"rendered":"https:\/\/linitiative.ca\/International\/programme-mediterranee-dune-rive-a-lautre-lancement-dun-appel-a-projets-au-profit-des-ong-rurales-de-souss-massa\/"},"modified":"2022-04-15T11:00:04","modified_gmt":"2022-04-15T15:00:04","slug":"programme-mediterranee-dune-rive-a-lautre-lancement-dun-appel-a-projets-au-profit-des-ong-rurales-de-souss-massa","status":"publish","type":"post","link":"https:\/\/linitiative.ca\/International\/programme-mediterranee-dune-rive-a-lautre-lancement-dun-appel-a-projets-au-profit-des-ong-rurales-de-souss-massa\/","title":{"rendered":"Programme \u00abM\u00e9diterran\u00e9e, d\u2019une rive \u00e0 l\u2019autre\u00bb  : Lancement d\u2019un appel \u00e0 projets au profit  des ONG rurales de Souss-Massa"},"content":{"rendered":"<div>\n<p><img decoding=\"async\" width=\"300\" height=\"153\" src=\"https:\/\/linitiative.ca\/International\/wp-content\/uploads\/sites\/23\/2022\/04\/Agadir-300x153-1.jpg\" class=\"attachment-medium size-medium wp-post-image\" alt=\"\" loading=\"lazy\" srcset=\"https:\/\/linitiative.ca\/International\/wp-content\/uploads\/sites\/23\/2022\/04\/Agadir-300x153-1.jpg 300w, https:\/\/aujourdhui.ma\/wp-content\/uploads\/2022\/04\/Agadir-274x140.jpg 274w, https:\/\/aujourdhui.ma\/wp-content\/uploads\/2022\/04\/Agadir.jpg 746w, https:\/\/aujourdhui.ma\/wp-content\/uploads\/2022\/04\/Agadir-165x84.jpg 165w, https:\/\/aujourdhui.ma\/wp-content\/uploads\/2022\/04\/Agadir-702x358.jpg 702w\" sizes=\"auto, (max-width: 300px) 100vw, 300px\"><\/p>\n<p><span style=\"font-size: 20px; color: #800000;\"><strong>Dans le cadre du programme \u00abM\u00e9diterran\u00e9e, d\u2019une rive \u00e0 l\u2019autre\u00bb, un appel \u00e0 projets est lanc\u00e9 par la Fondation de France au profit des associations rurales de la r\u00e9gion Souss-Massa qui peuvent b\u00e9n\u00e9ficier d\u2019un soutien financier direct de 320.000 DH.<\/strong><\/span><br \/>\n<span id=\"more-405293\"><\/span><\/p>\n<p>Convaincue de la n\u00e9cessit\u00e9 de favoriser la coh\u00e9sion sociale et le dialogue dans l\u2019espace m\u00e9diterran\u00e9en, la Fondation de France a mis en place, d\u00e8s 2007, le programme \u00abM\u00e9diterran\u00e9e, d\u2019une rive \u00e0 l\u2019autre\u00bb, \u00e0 travers lequel elle poursuit 3 objectifs : accompagner la structuration de la soci\u00e9t\u00e9 civile au Maghreb et soutenir les \u00e9changes et la coop\u00e9ration entre les deux rives ; favoriser l\u2019inclusion sociale et \u00e9conomique des plus vuln\u00e9rables, notamment des jeunes ; encourager les dynamiques culturelles et citoyennes.<br \/>\nEn effet, au cours de ces douze derni\u00e8res ann\u00e9es, la Fondation de France a notamment soutenu plus de 400 projets port\u00e9s par des associations alg\u00e9riennes, marocaines et tunisiennes, actives dans le champ de l\u2019insertion sociale et professionnelle des jeunes.<\/p>\n<p>Dans ce sens, cette Fondation lance un appel \u00e0 projets au profit des associations marocaines situ\u00e9es dans les localit\u00e9s rurales, enregistr\u00e9es l\u00e9galement depuis plus d\u2019un an, et agissant dans la r\u00e9gion de Souss-Massa, ayant d\u00e9j\u00e0 engag\u00e9 des actions de terrain. Les associations vis\u00e9es sont celles bas\u00e9es dans les zones rurales de cette r\u00e9gion.<br \/>\nCette initiative soutiendra les projets r\u00e9pondant \u00e0 des besoins sociaux, culturels, ou environnementaux du territoire, s\u2019appuyant sur les ressources locales, et prometteurs en mati\u00e8re d\u2019emploi pour les jeunes, men\u00e9s dans une d\u00e9marche r\u00e9solument solidaire. Ainsi que les projets favorisant la participation, le dialogue, l\u2019expression et la prise en compte de la parole des jeunes dans le d\u00e9bat public ainsi que le d\u00e9veloppement de l\u2019esprit critique. Ces projets pourront comprendre des actions li\u00e9es aux m\u00e9dias et \u00e0 l\u2019environnement num\u00e9rique (production, diffusion, acc\u00e8s et compr\u00e9hension de l\u2019information et de l\u2019image).<\/p>\n<p>Une attention particuli\u00e8re sera port\u00e9e aux projets faisant \u00e9tat d\u2019une r\u00e9elle d\u00e9marche partenariale et de coop\u00e9ration : ancrage local du projet avec mobilisation des diff\u00e9rents acteurs du territoire (associatifs, publics, priv\u00e9s, au niveau local et\/ou national); pertinence de ces coop\u00e9rations : compl\u00e9mentarit\u00e9, synergies entre les activit\u00e9s, transfert de comp\u00e9tences, couverture territoriale \u00e9largie, diversification du public b\u00e9n\u00e9ficiaire.<\/p>\n<p>La Fondation de France soutient le d\u00e9marrage de projets de terrain et leur d\u00e9veloppement, via deux modalit\u00e9s de soutien : une subvention dite \u00abd\u2019amor\u00e7age\u00bb pour les associations r\u00e9centes ou de petite taille, qui d\u00e9marrent leur action ou qui portent un premier projet, le montant du soutien sollicit\u00e9 sera de 130.000 dirhams maximum et la dur\u00e9e du projet n\u2019exc\u00e9dera pas 12 mois. Une subvention de consolidation pour les associations plus exp\u00e9riment\u00e9es, qui consolident leur action \u00e0 travers un projet nouveau ou en d\u00e9veloppement, le montant du soutien sollicit\u00e9 pourra \u00eatre de l\u2019ordre de 160.000 \u00e0 320.000 dirhams pour une dur\u00e9e de 18 mois maximum.<br \/>\nOutre le soutien financier, les associations retenues dans le cadre de cet appel \u00e0 projets b\u00e9n\u00e9ficieront, pendant la phase de mise en \u0153uvre de leur projet, d\u2019un accompagnement syst\u00e9matique, individuel et collectif, et d\u2019\u00e9changes avec d\u2019autres porteurs de projets ayant une proximit\u00e9 th\u00e9matique et\/ou g\u00e9ographique.<\/p>\n<\/div>\n<p>Auteur: Mohamed Laabid<br \/>\n<a href=\"https:\/\/aujourdhui.ma\/economie\/programme-mediterranee-dune-rive-a-lautre-lancement-dun-appel-a-projets-au-profit-des-ong-rurales-de-souss-massa\">Cliquez ici pour lire l&rsquo;article depuis sa source.<\/a><\/p>\n","protected":false},"excerpt":{"rendered":"<p>Dans le cadre du programme \u00abM\u00e9diterran\u00e9e, d\u2019une rive \u00e0 l\u2019autre\u00bb, un appel \u00e0 projets est lanc\u00e9 par la Fondation de France au profit des associations rurales de la r\u00e9gion Souss-Massa qui peuvent b\u00e9n\u00e9ficier d\u2019un soutien financier direct de 320.000 DH. Convaincue de la n\u00e9cessit\u00e9 de favoriser la coh\u00e9sion sociale et le dialogue dans l\u2019espace m\u00e9diterran\u00e9en, [&hellip;]<\/p>\n","protected":false},"author":1759,"featured_media":0,"comment_status":"closed","ping_status":"closed","sticky":false,"template":"","format":"standard","meta":{"fifu_image_url":"https:\/\/aujourdhui.ma\/wp-content\/uploads\/2022\/04\/Agadir-300x153.jpg","fifu_image_alt":"Programme \u00abM\u00e9diterran\u00e9e, d\u2019une rive \u00e0 l\u2019autre\u00bb  : Lancement d\u2019un appel \u00e0 projets au profit  des ONG rurales de Souss-Massa","footnotes":""},"categories":[73,54],"tags":[],"class_list":["post-145543","post","type-post","status-publish","format-standard","hentry","category-actualite","category-maroc"],"_links":{"self":[{"href":"https:\/\/linitiative.ca\/International\/wp-json\/wp\/v2\/posts\/145543","targetHints":{"allow":["GET"]}}],"collection":[{"href":"https:\/\/linitiative.ca\/International\/wp-json\/wp\/v2\/posts"}],"about":[{"href":"https:\/\/linitiative.ca\/International\/wp-json\/wp\/v2\/types\/post"}],"author":[{"embeddable":true,"href":"https:\/\/linitiative.ca\/International\/wp-json\/wp\/v2\/users\/1759"}],"replies":[{"embeddable":true,"href":"https:\/\/linitiative.ca\/International\/wp-json\/wp\/v2\/comments?post=145543"}],"version-history":[{"count":0,"href":"https:\/\/linitiative.ca\/International\/wp-json\/wp\/v2\/posts\/145543\/revisions"}],"wp:attachment":[{"href":"https:\/\/linitiative.ca\/International\/wp-json\/wp\/v2\/media?parent=145543"}],"wp:term":[{"taxonomy":"category","embeddable":true,"href":"https:\/\/linitiative.ca\/International\/wp-json\/wp\/v2\/categories?post=145543"},{"taxonomy":"post_tag","embeddable":true,"href":"https:\/\/linitiative.ca\/International\/wp-json\/wp\/v2\/tags?post=145543"}],"curies":[{"name":"wp","href":"https:\/\/api.w.org\/{rel}","templated":true}]}}