{"id":145545,"date":"2022-04-15T11:08:05","date_gmt":"2022-04-15T15:08:05","guid":{"rendered":"https:\/\/linitiative.ca\/International\/covid-19-maroc-la-situation-epidemiologique-au-15-avril-2022-a-15h00\/"},"modified":"2022-04-15T11:08:05","modified_gmt":"2022-04-15T15:08:05","slug":"covid-19-maroc-la-situation-epidemiologique-au-15-avril-2022-a-15h00","status":"publish","type":"post","link":"https:\/\/linitiative.ca\/International\/covid-19-maroc-la-situation-epidemiologique-au-15-avril-2022-a-15h00\/","title":{"rendered":"Covid-19 \/ Maroc : La situation \u00e9pid\u00e9miologique au 15 avril 2022 \u00e0 15H00"},"content":{"rendered":"<div>\n<p><img decoding=\"async\" width=\"300\" height=\"153\" src=\"https:\/\/linitiative.ca\/International\/wp-content\/uploads\/sites\/23\/2022\/04\/Covid-19-Coronavirus-300x153-1.jpg\" class=\"attachment-medium size-medium wp-post-image\" alt=\"\" loading=\"lazy\" srcset=\"https:\/\/linitiative.ca\/International\/wp-content\/uploads\/sites\/23\/2022\/04\/Covid-19-Coronavirus-300x153-1.jpg 300w, https:\/\/aujourdhui.ma\/wp-content\/uploads\/2021\/01\/Covid-19-Coronavirus-274x140.jpg 274w, https:\/\/aujourdhui.ma\/wp-content\/uploads\/2021\/01\/Covid-19-Coronavirus.jpg 746w, https:\/\/aujourdhui.ma\/wp-content\/uploads\/2021\/01\/Covid-19-Coronavirus-165x84.jpg 165w, https:\/\/aujourdhui.ma\/wp-content\/uploads\/2021\/01\/Covid-19-Coronavirus-702x358.jpg 702w\" sizes=\"auto, (max-width: 300px) 100vw, 300px\"><\/p>\n<p>37 nouveaux cas soit un cumul de <span id=\"page3R_mcid122\" class=\"markedContent\"><span dir=\"ltr\" role=\"presentation\">1<\/span> <span dir=\"ltr\" role=\"presentation\">164 296<\/span><\/span> cas \u00e0 ce jour.<br \/>\n80 gu\u00e9risons soit un cumul de <span id=\"page3R_mcid150\" class=\"markedContent\"><span dir=\"ltr\" role=\"presentation\">1<\/span> <span dir=\"ltr\" role=\"presentation\">147<\/span> <span dir=\"ltr\" role=\"presentation\">579<\/span><\/span> \u00e0 ce jour.<br \/>\nUn seul d\u00e9c\u00e8s donc un cumul de 16 062 \u00e0 ce jour.<\/p>\n<p><span style=\"color: #ff0000;\"><strong>Nombre de personnes vaccin\u00e9es au 15 avril \u00e0 15H00<\/strong><\/span><\/p>\n<p>1\u00e8re dose :<strong> <span id=\"page3R_mcid101\" class=\"markedContent\"><span dir=\"ltr\" role=\"presentation\">24<\/span><\/span><span id=\"page3R_mcid102\" class=\"markedContent\"><\/span><span id=\"page3R_mcid103\" class=\"markedContent\"> <span dir=\"ltr\" role=\"presentation\">798 270<\/span><\/span><br \/>\n<\/strong><\/p>\n<p>2\u00e8me dose :<strong> <span id=\"page3R_mcid95\" class=\"markedContent\"><span dir=\"ltr\" role=\"presentation\">23<\/span><\/span><span id=\"page3R_mcid96\" class=\"markedContent\"><\/span><span id=\"page3R_mcid97\" class=\"markedContent\"> <span dir=\"ltr\" role=\"presentation\">274 600<\/span><\/span><br \/>\n<\/strong><\/p>\n<p>3\u00e8me dose :<strong> <span id=\"page3R_mcid89\" class=\"markedContent\"><span dir=\"ltr\" role=\"presentation\">6<\/span><\/span><span id=\"page3R_mcid90\" class=\"markedContent\"><\/span><span id=\"page3R_mcid91\" class=\"markedContent\"> <span dir=\"ltr\" role=\"presentation\">206 693<\/span><\/span><br \/>\n<\/strong><\/p>\n<\/div>\n<p>Auteur: ALM<br \/>\n<a href=\"https:\/\/aujourdhui.ma\/societe\/covid-19-maroc-la-situation-epidemiologique-au-15-avril-2022-a-15h00\">Cliquez ici pour lire l&rsquo;article depuis sa source.<\/a><\/p>\n","protected":false},"excerpt":{"rendered":"<p>37 nouveaux cas soit un cumul de 1 164 296 cas \u00e0 ce jour. 80 gu\u00e9risons soit un cumul de 1 147 579 \u00e0 ce jour. Un seul d\u00e9c\u00e8s donc un cumul de 16 062 \u00e0 ce jour. Nombre de personnes vaccin\u00e9es au 15 avril \u00e0 15H00 1\u00e8re dose : 24 798 270 2\u00e8me dose [&hellip;]<\/p>\n","protected":false},"author":1759,"featured_media":0,"comment_status":"closed","ping_status":"closed","sticky":false,"template":"","format":"standard","meta":{"fifu_image_url":"https:\/\/aujourdhui.ma\/wp-content\/uploads\/2021\/01\/Covid-19-Coronavirus-300x153.jpg","fifu_image_alt":"Covid-19 \/ Maroc : La situation \u00e9pid\u00e9miologique au 15 avril 2022 \u00e0 15H00","footnotes":""},"categories":[73,54],"tags":[],"class_list":["post-145545","post","type-post","status-publish","format-standard","hentry","category-actualite","category-maroc"],"_links":{"self":[{"href":"https:\/\/linitiative.ca\/International\/wp-json\/wp\/v2\/posts\/145545","targetHints":{"allow":["GET"]}}],"collection":[{"href":"https:\/\/linitiative.ca\/International\/wp-json\/wp\/v2\/posts"}],"about":[{"href":"https:\/\/linitiative.ca\/International\/wp-json\/wp\/v2\/types\/post"}],"author":[{"embeddable":true,"href":"https:\/\/linitiative.ca\/International\/wp-json\/wp\/v2\/users\/1759"}],"replies":[{"embeddable":true,"href":"https:\/\/linitiative.ca\/International\/wp-json\/wp\/v2\/comments?post=145545"}],"version-history":[{"count":0,"href":"https:\/\/linitiative.ca\/International\/wp-json\/wp\/v2\/posts\/145545\/revisions"}],"wp:attachment":[{"href":"https:\/\/linitiative.ca\/International\/wp-json\/wp\/v2\/media?parent=145545"}],"wp:term":[{"taxonomy":"category","embeddable":true,"href":"https:\/\/linitiative.ca\/International\/wp-json\/wp\/v2\/categories?post=145545"},{"taxonomy":"post_tag","embeddable":true,"href":"https:\/\/linitiative.ca\/International\/wp-json\/wp\/v2\/tags?post=145545"}],"curies":[{"name":"wp","href":"https:\/\/api.w.org\/{rel}","templated":true}]}}