{"id":14555,"date":"2019-02-15T15:15:48","date_gmt":"2019-02-15T20:15:48","guid":{"rendered":"https:\/\/linitiative.ca\/International\/international-real-ramos-tente-de-justifier-ses-propos\/"},"modified":"2019-02-15T15:15:48","modified_gmt":"2019-02-15T20:15:48","slug":"international-real-ramos-tente-de-justifier-ses-propos","status":"publish","type":"post","link":"https:\/\/linitiative.ca\/International\/international-real-ramos-tente-de-justifier-ses-propos\/","title":{"rendered":"International : Real : Ramos tente de justifier ses propos"},"content":{"rendered":"<div readability=\"32\">\n<p>Auteur : <span class=\"time\">vendredi 15 f\u00e9vrier 2019 19:11<\/span><\/p>\n<\/div>\n<div id=\"post_core\" readability=\"54\">\n<p>Ceci afin d&rsquo;\u00eatre suspendu pour le retour et ne pas \u00eatre menac\u00e9 en quarts de finale si son \u00e9quipe validait sa qualification. Suite \u00e0 l&rsquo;ouverture d&rsquo;une enqu\u00eate de l&rsquo;UEFA, le d\u00e9fenseur central du Real Madrid se d\u00e9fend et assure que ses propos ont \u00e9t\u00e9 mal compris :<\/p>\n<p>\u00ab\u00a0Je parlais de forcer la faute, une faute in\u00e9vitable, pas de forcer la peine, assure le Merengue. Je savais que je pouvais \u00eatre suspendu, mais je n&rsquo;avais pas le choix. C&rsquo;\u00e9tait une contre-attaque tr\u00e8s dangereuse. C&rsquo;est pourquoi j&rsquo;ai dit que je mentirais si je disais que je ne savais pas que je risquais une suspension, tout comme je savais que je n&rsquo;avais pas d&rsquo;autre choix que de faire une faute. Et c&rsquo;est ce que je voulais dire quand j&rsquo;ai dit que dans le football, il faut prendre des d\u00e9cisions compliqu\u00e9es. Si j&rsquo;avais voulu \u00eatre suspendu, j&rsquo;aurais pu le faire en phase de groupes, dans le match contre l&rsquo;AS Roma, car nous \u00e9tions d\u00e9j\u00e0 premiers du groupe et le dernier match, contre le CSKA, \u00e9tait sans importance. D&rsquo;ailleurs, c&rsquo;est un match pour lequel je n&rsquo;ai pas \u00e9t\u00e9 appel\u00e9.\u00a0\u00bb Des propos relay\u00e9s par Maxifoot.<\/p>\n<p><strong>Publi\u00e9 dans :<\/strong> <span>real madrid<\/span><\/p>\n<\/div>\n<p>Auteur:<br \/>\n<a href=\"http:\/\/www.lebuteur.com\/article\/detail?titre=real-ramos-tente-de-justifier-ses-propos&#038;id=86411&#038;utm_source=feedburner&#038;utm_medium=feed&#038;utm_campaign=Feed%3A+GalerieFArtciles+%28Les+derniers+articles++-+lebuteur.com%29\">Cliquez ici pour lire l&rsquo;article depuis sa source.<\/a><\/p>\n","protected":false},"excerpt":{"rendered":"<p>Auteur : vendredi 15 f\u00e9vrier 2019 19:11 Ceci afin d&rsquo;\u00eatre suspendu pour le retour et ne pas \u00eatre menac\u00e9 en quarts de finale si son \u00e9quipe validait sa qualification. Suite \u00e0 l&rsquo;ouverture d&rsquo;une enqu\u00eate de l&rsquo;UEFA, le d\u00e9fenseur central du Real Madrid se d\u00e9fend et assure que ses propos ont \u00e9t\u00e9 mal compris : \u00ab\u00a0Je [&hellip;]<\/p>\n","protected":false},"author":1738,"featured_media":14556,"comment_status":"closed","ping_status":"closed","sticky":false,"template":"","format":"standard","meta":{"fifu_image_url":"","fifu_image_alt":"","footnotes":""},"categories":[53,75],"tags":[],"class_list":["post-14555","post","type-post","status-publish","format-standard","has-post-thumbnail","hentry","category-algerie","category-sport"],"_links":{"self":[{"href":"https:\/\/linitiative.ca\/International\/wp-json\/wp\/v2\/posts\/14555","targetHints":{"allow":["GET"]}}],"collection":[{"href":"https:\/\/linitiative.ca\/International\/wp-json\/wp\/v2\/posts"}],"about":[{"href":"https:\/\/linitiative.ca\/International\/wp-json\/wp\/v2\/types\/post"}],"author":[{"embeddable":true,"href":"https:\/\/linitiative.ca\/International\/wp-json\/wp\/v2\/users\/1738"}],"replies":[{"embeddable":true,"href":"https:\/\/linitiative.ca\/International\/wp-json\/wp\/v2\/comments?post=14555"}],"version-history":[{"count":0,"href":"https:\/\/linitiative.ca\/International\/wp-json\/wp\/v2\/posts\/14555\/revisions"}],"wp:featuredmedia":[{"embeddable":true,"href":"https:\/\/linitiative.ca\/International\/wp-json\/"}],"wp:attachment":[{"href":"https:\/\/linitiative.ca\/International\/wp-json\/wp\/v2\/media?parent=14555"}],"wp:term":[{"taxonomy":"category","embeddable":true,"href":"https:\/\/linitiative.ca\/International\/wp-json\/wp\/v2\/categories?post=14555"},{"taxonomy":"post_tag","embeddable":true,"href":"https:\/\/linitiative.ca\/International\/wp-json\/wp\/v2\/tags?post=14555"}],"curies":[{"name":"wp","href":"https:\/\/api.w.org\/{rel}","templated":true}]}}