{"id":145554,"date":"2022-04-14T19:12:14","date_gmt":"2022-04-14T23:12:14","guid":{"rendered":"https:\/\/linitiative.ca\/International\/focus-sur-la-rehabilitation-de-lancienne-medina\/"},"modified":"2022-04-14T19:12:14","modified_gmt":"2022-04-14T23:12:14","slug":"focus-sur-la-rehabilitation-de-lancienne-medina","status":"publish","type":"post","link":"https:\/\/linitiative.ca\/International\/focus-sur-la-rehabilitation-de-lancienne-medina\/","title":{"rendered":"Focus sur la r\u00e9habilitation de l\u2019ancienne m\u00e9dina"},"content":{"rendered":"<div>\n<div style=\"margin-bottom:20px;\"><img loading=\"lazy\" decoding=\"async\" width=\"750\" height=\"430\" src=\"https:\/\/linitiative.ca\/International\/wp-content\/uploads\/sites\/23\/2022\/04\/essaouira-medina-copier.jpg\" class=\"attachment-post-thumbnail size-post-thumbnail wp-post-image\" alt=\"\" srcset=\"https:\/\/linitiative.ca\/International\/wp-content\/uploads\/sites\/23\/2022\/04\/essaouira-medina-copier.jpg 750w, https:\/\/www.mapmarrakech.ma\/map\/uploads\/2022\/04\/essaouira-medina-copier-300x172.jpg 300w\" sizes=\"auto, (max-width: 750px) 100vw, 750px\"><\/div>\n<p>Pr\u00e9sid\u00e9e par le gouverneur de la province, M. Adil El Maliki, en pr\u00e9sence notamment des pr\u00e9sidents des Conseils provincial et communal d\u2019Essaouira, du repr\u00e9sentant du Fonds Hassan II pour le D\u00e9veloppement Economique et Social (\u00e0 distance), des chefs des diff\u00e9rents services ext\u00e9rieurs concern\u00e9s et des autorit\u00e9s locales, cette rencontre a \u00e9t\u00e9 l\u2019occasion de faire le point sur l\u2019avancement des travaux et d\u2019examiner les \u00e9tapes franchies par chaque projet dans le cadre de ce chantier strat\u00e9gique, qui vient conforter la dynamique multidimensionnelle que conna\u00eet la Cit\u00e9 des Aliz\u00e9s.<\/p>\n<p>Dans un mot \u00e0 cette occasion, M. El Maliki a insist\u00e9 sur l\u2019importance du respect du budget allou\u00e9, tout en appelant les diff\u00e9rentes parties concern\u00e9es et les membres du Comit\u00e9 provincial de suivi de ce chantier Royal, \u00e0 garder \u00e0 l\u2019esprit les questions du respect des d\u00e9lais et de la qualit\u00e9 lors de la r\u00e9alisation optimale des travaux.<\/p>\n<p>Il a, dans ce sillage, soulign\u00e9 que des r\u00e9unions sp\u00e9cifiques seront programm\u00e9es afin de transcender les obstacles et apporter les solutions appropri\u00e9es aux probl\u00e8mes soulev\u00e9s concernant certains projets, tout en invitant les diff\u00e9rents intervenants \u00e0 veiller \u00e0 la pr\u00e9servation de l\u2019esprit et de la philosophie de ce programme ambitieux.<\/p>\n<p>Cette r\u00e9union a \u00e9t\u00e9 ponctu\u00e9e d\u2019un expos\u00e9 exhaustif du repr\u00e9sentant de l\u2019Agence \u00ab\u00a0Al-Omrane\u00a0\u00bb sur l\u2019\u00e9tat d\u2019avancement de chaque projet dans le cadre de ce programme, qui mobilise des investissements de l\u2019ordre de 300 millions de DH.<\/p>\n<p>Dans une d\u00e9claration \u00e0 \u00ab\u00a0M24\u00a0\u00bb, la cha\u00eene d\u2019information en continu de la MAP, le directeur de l\u2019agence d\u2019Al Omrane Essaouira-Chichaoua, M. Hassan Boustta, a fait savoir que le taux d\u2019avancement global de la r\u00e9alisation des diff\u00e9rentes actions pr\u00e9vues par ce programme s\u2019\u00e9l\u00e8ve actuellement \u00e0 51%.<\/p>\n<p>Relevant que ce programme porte sur 27 projets au total, le responsable a pr\u00e9cis\u00e9 que 5 projets ont \u00e9t\u00e9 achev\u00e9s, 11 sont en cours de r\u00e9alisation alors que les 11 restants sont en phase d\u2019\u00e9tude ou en stade de lancement des appels d\u2019offres.<\/p>\n<p>M. Boustta a, d\u2019autre part, mis en avant l\u2019engagement infaillible et la mobilisation de l\u2019ensemble des intervenants et parties concern\u00e9s par ce chantier afin de mener \u00e0 bien ce programme de r\u00e9habilitation de l\u2019ancienne m\u00e9dina d\u2019Essaouira et de r\u00e9aliser les diff\u00e9rents projets dans les d\u00e9lais fix\u00e9s.<\/p>\n<p>Pour sa part, M. Rachid El Haloui, architecte et membre du comit\u00e9 scientifique de suivi de ce programme sur le plan patrimonial, s\u2019est f\u00e9licit\u00e9 qu\u2019Essaouira, ville class\u00e9e patrimoine mondiale de l\u2019UNESCO, ait b\u00e9n\u00e9fici\u00e9 de ce chantier Royal, expliquant que le fait que les travaux se font dans un tissu urbain vivant sur le plan socio-\u00e9conomique, engendre, certes, des difficult\u00e9s. Toutefois, a-t-il dit, ces interventions ont \u00e9t\u00e9 men\u00e9es dans les r\u00e8gles de l\u2019art.<\/p>\n<p>Et l\u2019expert d\u2019encha\u00eener que le caract\u00e8re patrimonial est primordial, mais doit \u00eatre aussi compatible avec l\u2019activit\u00e9 socio\u00e9conomique, relevant l\u2019utilisation de mat\u00e9riaux locaux qui caract\u00e9risent et refl\u00e8tent le cachet sp\u00e9cial et l\u2019originalit\u00e9 de la m\u00e9dina d\u2019Essaouira, afin de pr\u00e9server l\u2019esprit patrimonial de ce tissu urbain.<\/p>\n<p>A travers ces r\u00e9unions p\u00e9riodiques, l\u2019autorit\u00e9 provinciale veille \u00e0 assurer le suivi minutieux de l\u2019\u00e9tat d\u2019avancement des travaux et op\u00e9rations pr\u00e9vus.<\/p>\n<p>A noter que ce chantier de r\u00e9habilitation, qui b\u00e9n\u00e9ficie aux 13.000 habitants de la m\u00e9dina, porte sur une s\u00e9rie de projets s\u2019articulant autour de quatre axes majeurs, \u00e0 savoir la r\u00e9habilitation de l\u2019espace urbain, la restauration et la mise en valeur du patrimoine historique, la promotion de l\u2019acc\u00e8s aux services sociaux et le renforcement de l\u2019attractivit\u00e9 touristique et \u00e9conomique de l\u2019ancienne m\u00e9dina d\u2019Essaouira.<\/p>\n<p>\u00c9labor\u00e9 conform\u00e9ment aux Hautes Instructions Royales, ce programme de nouvelle g\u00e9n\u00e9ration est le fruit d\u2019un partenariat entre le Fonds Hassan II pour le d\u00e9veloppement \u00e9conomique et social, plusieurs d\u00e9partements minist\u00e9riels, le Conseil de la r\u00e9gion de Marrakech-Safi, le Conseil Communal d\u2019Essaouira et le Groupe Al-Omrane.<\/p>\n<p>Le programme compl\u00e9mentaire de r\u00e9habilitation de l\u2019ancienne m\u00e9dina d\u2019Essaouira 2019-2023 s\u2019inscrit dans le cadre des efforts d\u00e9ploy\u00e9s, sous le leadership clairvoyant de SM le Roi Mohammed VI, pour la pr\u00e9servation et la mise en valeur des anciennes m\u00e9dinas dans plusieurs villes du Royaume comme Rabat, Casablanca, Marrakech, F\u00e8s, Mekn\u00e8s, Sal\u00e9 et T\u00e9touan.<\/p>\n<p>The post <a rel=\"nofollow\" href=\"https:\/\/www.mapmarrakech.ma\/fr\/ancienne-medina-reunion-sur-lavancement-du-programme-de-rehabilitation-2\/\">Focus sur la r\u00e9habilitation de l\u2019ancienne m\u00e9dina<\/a> appeared first on <a rel=\"nofollow\" href=\"https:\/\/www.mapmarrakech.ma\/fr\">MapMarrakech<\/a>.<\/p>\n<\/div>\n<p>Auteur: Meriem IGASS<br \/>\n<a href=\"https:\/\/www.mapmarrakech.ma\/fr\/ancienne-medina-reunion-sur-lavancement-du-programme-de-rehabilitation-2\/\">Cliquez ici pour lire l&rsquo;article depuis sa source.<\/a><\/p>\n","protected":false},"excerpt":{"rendered":"<p>Pr\u00e9sid\u00e9e par le gouverneur de la province, M. Adil El Maliki, en pr\u00e9sence notamment des pr\u00e9sidents des Conseils provincial et communal d\u2019Essaouira, du repr\u00e9sentant du Fonds Hassan II pour le D\u00e9veloppement Economique et Social (\u00e0 distance), des chefs des diff\u00e9rents services ext\u00e9rieurs concern\u00e9s et des autorit\u00e9s locales, cette rencontre a \u00e9t\u00e9 l\u2019occasion de faire le [&hellip;]<\/p>\n","protected":false},"author":1788,"featured_media":0,"comment_status":"closed","ping_status":"closed","sticky":false,"template":"","format":"standard","meta":{"fifu_image_url":"https:\/\/www.mapmarrakech.ma\/map\/uploads\/2022\/04\/essaouira-medina-copier.jpg","fifu_image_alt":"Focus sur la r\u00e9habilitation de l\u2019ancienne m\u00e9dina","footnotes":""},"categories":[54,76],"tags":[],"class_list":["post-145554","post","type-post","status-publish","format-standard","hentry","category-maroc","category-regions"],"_links":{"self":[{"href":"https:\/\/linitiative.ca\/International\/wp-json\/wp\/v2\/posts\/145554","targetHints":{"allow":["GET"]}}],"collection":[{"href":"https:\/\/linitiative.ca\/International\/wp-json\/wp\/v2\/posts"}],"about":[{"href":"https:\/\/linitiative.ca\/International\/wp-json\/wp\/v2\/types\/post"}],"author":[{"embeddable":true,"href":"https:\/\/linitiative.ca\/International\/wp-json\/wp\/v2\/users\/1788"}],"replies":[{"embeddable":true,"href":"https:\/\/linitiative.ca\/International\/wp-json\/wp\/v2\/comments?post=145554"}],"version-history":[{"count":0,"href":"https:\/\/linitiative.ca\/International\/wp-json\/wp\/v2\/posts\/145554\/revisions"}],"wp:attachment":[{"href":"https:\/\/linitiative.ca\/International\/wp-json\/wp\/v2\/media?parent=145554"}],"wp:term":[{"taxonomy":"category","embeddable":true,"href":"https:\/\/linitiative.ca\/International\/wp-json\/wp\/v2\/categories?post=145554"},{"taxonomy":"post_tag","embeddable":true,"href":"https:\/\/linitiative.ca\/International\/wp-json\/wp\/v2\/tags?post=145554"}],"curies":[{"name":"wp","href":"https:\/\/api.w.org\/{rel}","templated":true}]}}