{"id":145558,"date":"2022-04-15T13:25:07","date_gmt":"2022-04-15T17:25:07","guid":{"rendered":"https:\/\/linitiative.ca\/International\/lheure-est-a-loptimisme-apres-les-recentes-precipitations\/"},"modified":"2022-04-15T13:25:07","modified_gmt":"2022-04-15T17:25:07","slug":"lheure-est-a-loptimisme-apres-les-recentes-precipitations","status":"publish","type":"post","link":"https:\/\/linitiative.ca\/International\/lheure-est-a-loptimisme-apres-les-recentes-precipitations\/","title":{"rendered":"L\u2019heure est \u00e0 l\u2019optimisme apr\u00e8s les r\u00e9centes pr\u00e9cipitations"},"content":{"rendered":"<div>\n<div style=\"margin-bottom:20px;\"><img loading=\"lazy\" decoding=\"async\" width=\"750\" height=\"430\" src=\"https:\/\/linitiative.ca\/International\/wp-content\/uploads\/sites\/23\/2022\/04\/agriculture-1-copier.jpg\" class=\"attachment-post-thumbnail size-post-thumbnail wp-post-image\" alt=\"\" srcset=\"https:\/\/linitiative.ca\/International\/wp-content\/uploads\/sites\/23\/2022\/04\/agriculture-1-copier.jpg 750w, https:\/\/www.mapmarrakech.ma\/map\/uploads\/2021\/06\/agriculture-1-copier-300x172.jpg 300w\" sizes=\"auto, (max-width: 750px) 100vw, 750px\"><\/div>\n<div>\n<p>Ces pluies, r\u00e9parties g\u00e9ographiquement sur l\u2019ensemble du territoire de la province, ont raviv\u00e9 l\u2019espoir des agriculteurs et \u00e9leveurs locaux qui se sont de nouveau mobilis\u00e9s pour travailler leurs lots de terres et proc\u00e9der \u00e0 l\u2019installation des cultures printani\u00e8res.<\/p>\n<p>En effet, l\u2019impact de ces pluies se fait nettement ressentir, comme en t\u00e9moigne la verdure qui commence partout \u00e0 reprendre ses quartiers, a constat\u00e9 une \u00e9quipe de \u00ab\u00a0M24\u00a0\u00bb, la cha\u00eene d\u2019information en continu de la MAP, dans la commune rurale d\u2019Akermoud.<\/p>\n<p>Nul doute que les r\u00e9centes pluies qu\u2019a connues la province d\u2019Essaouira auront un impact tr\u00e8s positif aussi bien sur l\u2019\u00e9tat des cultures, la nappe phr\u00e9atique, le taux de remplissage des barrages que les parcours et p\u00e2turages, ce qui se r\u00e9percutera sur la sant\u00e9 du cheptel et le co\u00fbt des frais des fourrages et aliments, d\u00e9pens\u00e9s par les \u00e9leveurs.<\/p>\n<p>Dans une d\u00e9claration \u00e0 \u00ab\u00a0M24\u00a0\u00bb, le directeur provincial de l\u2019agriculture \u00e0 Essaouira, M. Ahmed Najid, a expliqu\u00e9 que la campagne agricole actuelle a travers\u00e9 une situation difficile en raison des conditions climatiques d\u00e9favorables et du d\u00e9ficit pluviom\u00e9trique notable, pr\u00e9cisant que le cumul des pr\u00e9cipitations enregistr\u00e9 ne d\u00e9passait pas 23 mm jusqu\u2019\u00e0 fin f\u00e9vrier dernier, un volume tr\u00e8s faible par rapport aux saisons pr\u00e9c\u00e9dentes.<\/p>\n<p>Cette situation a s\u00e9rieusement affect\u00e9 le couvert v\u00e9g\u00e9tal, la nappe phr\u00e9atique et les cultures d\u2019automne, a-t-il not\u00e9, relevant, dans ce sillage, que la superficie emblav\u00e9e s\u2019\u00e9levait \u00e0 32.000 hectares (ha) sur les 180.000 ha programm\u00e9s.<\/p>\n<p>Toutefois, les r\u00e9centes pr\u00e9cipitations, qui se sont abattues sur la province, ont raviv\u00e9 l\u2019espoir et suscit\u00e9 la satisfaction des agriculteurs et des \u00e9leveurs, a-t-il soulign\u00e9, faisant savoir que le cumul pluviom\u00e9trique enregistr\u00e9 jusqu\u2019au 13 avril a atteint 141 mm.<\/p>\n<p>Ces pr\u00e9cipitations importantes ayant touch\u00e9 les diff\u00e9rentes communes de la province, auront sans nul doute un impact tr\u00e8s positif sur la campagne agricole et contribueront certainement \u00e0 une meilleure installation des cultures printani\u00e8res et \u00e0 l\u2019am\u00e9lioration de l\u2019\u00e9tat des p\u00e2turages et, partant, \u00e0 la r\u00e9duction des frais des \u00e9leveurs consacr\u00e9s aux fourrages du b\u00e9tail, a encha\u00een\u00e9 le responsable.<\/p>\n<p>M. Najid a, en outre, expliqu\u00e9 que la superficie programm\u00e9e pour les cultures printani\u00e8res \u00e0 l\u2019\u00e9chelle de la province d\u2019Essaouira s\u2019\u00e9l\u00e8ve \u00e0 10.000 ha, r\u00e9serv\u00e9s essentiellement au ma\u00efs, aux vignes et au mara\u00eechage.<\/p>\n<p>Approch\u00e9s par la MAP, des agriculteurs locaux dans la r\u00e9gion d\u2019Akermoud ont, de leur c\u00f4t\u00e9, dit toute leur joie et satisfaction suite aux r\u00e9centes pluies qui ont permis de leur donner espoir de pouvoir sauver la saison et les ont motiv\u00e9s \u00e0 installer de nouvelles cultures printani\u00e8res.<\/p>\n<p>Les p\u00e2turages ont \u00e9galement retrouv\u00e9 de la fra\u00eecheur et de la verdure, ce qui est de nature \u00e0 all\u00e9ger le fardeau des frais des fourrages et des aliments du b\u00e9tail, ont-ils expliqu\u00e9.<\/p>\n<p>Certes, les agriculteurs et les \u00e9leveurs dans la province d\u2019Essaouira ont v\u00e9cu, \u00e0 l\u2019instar des autres r\u00e9gions du Royaume, une situation tr\u00e8s difficile \u00e0 cause des conditions climatiques d\u00e9favorables, mais les r\u00e9centes pr\u00e9cipitations sont venues raviver leur espoir et les motiver davantage pour acc\u00e9l\u00e9rer l\u2019installation des nouvelles cultures printani\u00e8res.<\/p>\n<p>Ainsi, l\u2019heure est \u00e0 l\u2019optimisme pour sauver la saison agricole au niveau de la province d\u2019Essaouira, apr\u00e8s un p\u00e9riode de s\u00e9cheresse difficile.<\/p>\n<\/div>\n<p>The post <a rel=\"nofollow\" href=\"https:\/\/www.mapmarrakech.ma\/fr\/campagne-agricole-lheure-est-a-loptimisme-apres-les-recentes-precipitations\/\">L\u2019heure est \u00e0 l\u2019optimisme apr\u00e8s les r\u00e9centes pr\u00e9cipitations<\/a> appeared first on <a rel=\"nofollow\" href=\"https:\/\/www.mapmarrakech.ma\/fr\">MapMarrakech<\/a>.<\/p>\n<\/div>\n<p>Auteur: Meriem IGASS<br \/>\n<a href=\"https:\/\/www.mapmarrakech.ma\/fr\/campagne-agricole-lheure-est-a-loptimisme-apres-les-recentes-precipitations\/\">Cliquez ici pour lire l&rsquo;article depuis sa source.<\/a><\/p>\n","protected":false},"excerpt":{"rendered":"<p>Ces pluies, r\u00e9parties g\u00e9ographiquement sur l\u2019ensemble du territoire de la province, ont raviv\u00e9 l\u2019espoir des agriculteurs et \u00e9leveurs locaux qui se sont de nouveau mobilis\u00e9s pour travailler leurs lots de terres et proc\u00e9der \u00e0 l\u2019installation des cultures printani\u00e8res. En effet, l\u2019impact de ces pluies se fait nettement ressentir, comme en t\u00e9moigne la verdure qui commence [&hellip;]<\/p>\n","protected":false},"author":1788,"featured_media":0,"comment_status":"closed","ping_status":"closed","sticky":false,"template":"","format":"standard","meta":{"fifu_image_url":"https:\/\/www.mapmarrakech.ma\/map\/uploads\/2021\/06\/agriculture-1-copier.jpg","fifu_image_alt":"L\u2019heure est \u00e0 l\u2019optimisme apr\u00e8s les r\u00e9centes pr\u00e9cipitations","footnotes":""},"categories":[54,76],"tags":[],"class_list":["post-145558","post","type-post","status-publish","format-standard","hentry","category-maroc","category-regions"],"_links":{"self":[{"href":"https:\/\/linitiative.ca\/International\/wp-json\/wp\/v2\/posts\/145558","targetHints":{"allow":["GET"]}}],"collection":[{"href":"https:\/\/linitiative.ca\/International\/wp-json\/wp\/v2\/posts"}],"about":[{"href":"https:\/\/linitiative.ca\/International\/wp-json\/wp\/v2\/types\/post"}],"author":[{"embeddable":true,"href":"https:\/\/linitiative.ca\/International\/wp-json\/wp\/v2\/users\/1788"}],"replies":[{"embeddable":true,"href":"https:\/\/linitiative.ca\/International\/wp-json\/wp\/v2\/comments?post=145558"}],"version-history":[{"count":0,"href":"https:\/\/linitiative.ca\/International\/wp-json\/wp\/v2\/posts\/145558\/revisions"}],"wp:attachment":[{"href":"https:\/\/linitiative.ca\/International\/wp-json\/wp\/v2\/media?parent=145558"}],"wp:term":[{"taxonomy":"category","embeddable":true,"href":"https:\/\/linitiative.ca\/International\/wp-json\/wp\/v2\/categories?post=145558"},{"taxonomy":"post_tag","embeddable":true,"href":"https:\/\/linitiative.ca\/International\/wp-json\/wp\/v2\/tags?post=145558"}],"curies":[{"name":"wp","href":"https:\/\/api.w.org\/{rel}","templated":true}]}}