{"id":145564,"date":"2022-04-14T19:28:18","date_gmt":"2022-04-14T23:28:18","guid":{"rendered":"https:\/\/linitiative.ca\/International\/vaste-campagne-medicale-de-la-fondation-mohammed-v-pour-la-solidarite\/"},"modified":"2022-04-14T19:28:18","modified_gmt":"2022-04-14T23:28:18","slug":"vaste-campagne-medicale-de-la-fondation-mohammed-v-pour-la-solidarite","status":"publish","type":"post","link":"https:\/\/linitiative.ca\/International\/vaste-campagne-medicale-de-la-fondation-mohammed-v-pour-la-solidarite\/","title":{"rendered":"Vaste campagne m\u00e9dicale de la Fondation Mohammed V pour la Solidarit\u00e9"},"content":{"rendered":"<div>\n<div style=\"margin-bottom:20px;\"><img loading=\"lazy\" decoding=\"async\" width=\"750\" height=\"430\" src=\"https:\/\/linitiative.ca\/International\/wp-content\/uploads\/sites\/23\/2022\/04\/campagne-mC3A9dicale-de-chirurgie-de-la-cataracte-750C397430-MAP.jpg\" class=\"attachment-post-thumbnail size-post-thumbnail wp-post-image\" alt=\"\" srcset=\"https:\/\/linitiative.ca\/International\/wp-content\/uploads\/sites\/23\/2022\/04\/campagne-mC3A9dicale-de-chirurgie-de-la-cataracte-750C397430-MAP.jpg 750w, https:\/\/www.mapoujda.ma\/map\/uploads\/2022\/04\/campagne-m\u00e9dicale-de-chirurgie-de-la-cataracte-750\u00d7430-MAP-300x172.jpg 300w\" sizes=\"auto, (max-width: 750px) 100vw, 750px\"><\/div>\n<div>\n<p style=\"text-align: justify;\">La Fondation Mohammed V pour la Solidarit\u00e9 a lanc\u00e9, jeudi, une vaste campagne m\u00e9dicale portant sur une caravane de la cataracte et de soins multidisciplinaires, au profit de la population d\u00e9munie de la province de Jerada.<\/p>\n<p style=\"text-align: justify;\">Cette initiative m\u00e9dicale et chirurgicale est organis\u00e9e jusqu\u2019au 18 avril courant au niveau de l\u2019H\u00f4pital provincial de Jerada et la place El Amal, la place centrale de la ville, qui accueille la caravane des soins primaires multidisciplinaires.<\/p>\n<p style=\"text-align: justify;\">Cette nouvelle op\u00e9ration solidaire b\u00e9n\u00e9ficie aux populations d\u00e9munies issues de Jerada et des communes avoisinantes relevant de la province de Jerada, connue par une pr\u00e9dominance des maladies respiratoires notamment les bronchopneumopathies chroniques obstructives et les intoxications caus\u00e9es par la silicone.<\/p>\n<p style=\"text-align: justify;\">Dans une d\u00e9claration \u00e0 M24, la cha\u00eene d\u2019information en continu de la MAP, le responsable du p\u00f4le m\u00e9dico-humanitaire \u00e0 la Fondation Mohammed V pour la solidarit\u00e9, Abdellah Omar Moussa, a indiqu\u00e9 que cette caravane m\u00e9dicale multidisciplinaire vient s\u2019ajouter \u00e0 l\u2019initiative humanitaire men\u00e9e \u00e0 l\u2019occasion du mois sacr\u00e9 du Ramadan, \u00e0 savoir l\u2019op\u00e9ration de soutien alimentaire au profit de plus de 600 mille m\u00e9nages \u00e0 travers le Maroc.<\/p>\n<p style=\"text-align: justify;\">En plus des consultations m\u00e9dicales g\u00e9n\u00e9rales et sp\u00e9cialis\u00e9es, cette campagne sera marqu\u00e9e par la r\u00e9alisation d\u2019op\u00e9rations chirurgicales de la cataracte au profit de 250 b\u00e9n\u00e9ficiaires pr\u00e9inscrits, a-t-il pr\u00e9cis\u00e9.<\/p>\n<p style=\"text-align: justify;\">La Fondation a mobilis\u00e9 l\u2019ensemble des moyens logistiques et mat\u00e9riels n\u00e9cessaires \u00e0 la r\u00e9alisation de cette op\u00e9ration, notamment des unit\u00e9s d\u2019analyses m\u00e9dicales et de radiologie, en plus de fournir des m\u00e9dicaments \u00e0 titre gracieux au profit des b\u00e9n\u00e9ficiaires, a ajout\u00e9 M. Omar Moussa.<\/p>\n<p style=\"text-align: justify;\">Cette caravane constitue aussi une occasion pour offrir des consultations m\u00e9dicales aux personnes souffrant d\u2019handicaps physiques, ainsi que pour recenser les personnes d\u00e9sirant b\u00e9n\u00e9ficier de chaises roulantes ou de proth\u00e8ses, a-t-il soulign\u00e9.<\/p>\n<p style=\"text-align: justify;\">Men\u00e9e en partenariat avec la D\u00e9l\u00e9gation provinciale de la Sant\u00e9 de Jerada, la Direction r\u00e9gionale de la Sant\u00e9 d\u2019Oujda, le Centre hospitalier universitaire d\u2019Oujda, le Centre sup\u00e9rieur des professions infirmi\u00e8res et techniques de sant\u00e9 d\u2019Oujda (ISPITS), l\u2019association m\u00e9dicale conventionn\u00e9e AMMS \u2013 Association m\u00e9dicale marocaine de solidarit\u00e9, le Centre national Mohammed VI pour les handicap\u00e9s de Sal\u00e9 et les autorit\u00e9s locales, l\u2019op\u00e9ration a fait appel \u00e0 d\u2019importants moyens humains et techniques.<\/p>\n<p style=\"text-align: justify;\">Une \u00e9quipe compos\u00e9e de 101 m\u00e9decins (12 chirurgiens, 13 g\u00e9n\u00e9ralistes et 76 sp\u00e9cialistes) issus des services de la sant\u00e9 publique (CHU d\u2019Oujda, CNMH et H\u00f4pital provincial de Jerada) et du priv\u00e9 d\u2019Oujda, 30 infirmiers et techniciens ainsi que 8 assistantes sociales a \u00e9t\u00e9 mobilis\u00e9e afin de garantir un accueil et une prise en charge m\u00e9dicale gratuite de qualit\u00e9.<\/p>\n<p style=\"text-align: justify;\">Quant aux moyens techniques, en plus des 7 unit\u00e9s mobiles et de la pharmacie qui sont d\u00e9ploy\u00e9s par la Fondation, 4 unit\u00e9 mobiles suppl\u00e9mentaires ont \u00e9t\u00e9 fournies par l\u2019AMMS (1 unit\u00e9 de chirurgie ophtalmique) et la Direction r\u00e9gionale de la Sant\u00e9 d\u2019Oujda (3 unit\u00e9s : ophtalmologie, gyn\u00e9cologie et mammographie) en compl\u00e9ment des blocs op\u00e9ratoires de l\u2019H\u00f4pital provincial de Jerada.<\/p>\n<\/div>\n<p>L\u2019article <a rel=\"nofollow\" href=\"https:\/\/www.mapoujda.ma\/fr\/jerada-vaste-campagne-medicale-de-la-fondation-mohammed-v-pour-la-solidarite\/\">Vaste campagne m\u00e9dicale de la Fondation Mohammed V pour la Solidarit\u00e9<\/a> est apparu en premier sur <a rel=\"nofollow\" href=\"https:\/\/www.mapoujda.ma\/fr\">MapOujda<\/a>.<\/p>\n<\/div>\n<p>Auteur: Soufiane ELAHMAR<br \/>\n<a href=\"https:\/\/www.mapoujda.ma\/fr\/jerada-vaste-campagne-medicale-de-la-fondation-mohammed-v-pour-la-solidarite\/\">Cliquez ici pour lire l&rsquo;article depuis sa source.<\/a><\/p>\n","protected":false},"excerpt":{"rendered":"<p>La Fondation Mohammed V pour la Solidarit\u00e9 a lanc\u00e9, jeudi, une vaste campagne m\u00e9dicale portant sur une caravane de la cataracte et de soins multidisciplinaires, au profit de la population d\u00e9munie de la province de Jerada. Cette initiative m\u00e9dicale et chirurgicale est organis\u00e9e jusqu\u2019au 18 avril courant au niveau de l\u2019H\u00f4pital provincial de Jerada et [&hellip;]<\/p>\n","protected":false},"author":1788,"featured_media":0,"comment_status":"closed","ping_status":"closed","sticky":false,"template":"","format":"standard","meta":{"fifu_image_url":"https:\/\/www.mapoujda.ma\/map\/uploads\/2022\/04\/campagne-m\u00e9dicale-de-chirurgie-de-la-cataracte-750\u00d7430-MAP.jpg","fifu_image_alt":"Vaste campagne m\u00e9dicale de la Fondation Mohammed V pour la Solidarit\u00e9","footnotes":""},"categories":[54,76],"tags":[],"class_list":["post-145564","post","type-post","status-publish","format-standard","hentry","category-maroc","category-regions"],"_links":{"self":[{"href":"https:\/\/linitiative.ca\/International\/wp-json\/wp\/v2\/posts\/145564","targetHints":{"allow":["GET"]}}],"collection":[{"href":"https:\/\/linitiative.ca\/International\/wp-json\/wp\/v2\/posts"}],"about":[{"href":"https:\/\/linitiative.ca\/International\/wp-json\/wp\/v2\/types\/post"}],"author":[{"embeddable":true,"href":"https:\/\/linitiative.ca\/International\/wp-json\/wp\/v2\/users\/1788"}],"replies":[{"embeddable":true,"href":"https:\/\/linitiative.ca\/International\/wp-json\/wp\/v2\/comments?post=145564"}],"version-history":[{"count":0,"href":"https:\/\/linitiative.ca\/International\/wp-json\/wp\/v2\/posts\/145564\/revisions"}],"wp:attachment":[{"href":"https:\/\/linitiative.ca\/International\/wp-json\/wp\/v2\/media?parent=145564"}],"wp:term":[{"taxonomy":"category","embeddable":true,"href":"https:\/\/linitiative.ca\/International\/wp-json\/wp\/v2\/categories?post=145564"},{"taxonomy":"post_tag","embeddable":true,"href":"https:\/\/linitiative.ca\/International\/wp-json\/wp\/v2\/tags?post=145564"}],"curies":[{"name":"wp","href":"https:\/\/api.w.org\/{rel}","templated":true}]}}