{"id":145568,"date":"2022-04-14T19:55:16","date_gmt":"2022-04-14T23:55:16","guid":{"rendered":"https:\/\/linitiative.ca\/International\/menages-lessentiel-de-lenquete-de-conjoncture-du-hcp\/"},"modified":"2022-04-14T19:55:16","modified_gmt":"2022-04-14T23:55:16","slug":"menages-lessentiel-de-lenquete-de-conjoncture-du-hcp","status":"publish","type":"post","link":"https:\/\/linitiative.ca\/International\/menages-lessentiel-de-lenquete-de-conjoncture-du-hcp\/","title":{"rendered":"M\u00e9nages: L\u2019essentiel de l\u2019enqu\u00eate de conjoncture du HCP"},"content":{"rendered":"<div>\n<div style=\"margin-bottom:20px;\"><img loading=\"lazy\" decoding=\"async\" width=\"750\" height=\"430\" src=\"https:\/\/linitiative.ca\/International\/wp-content\/uploads\/sites\/23\/2022\/04\/assouplissement-des-mesures-du-confinement-sanitaire-C3A0-FC3A8s-750C397430-MAP.jpg\" class=\"attachment-post-thumbnail size-post-thumbnail wp-post-image\" alt=\"\" srcset=\"https:\/\/linitiative.ca\/International\/wp-content\/uploads\/sites\/23\/2022\/04\/assouplissement-des-mesures-du-confinement-sanitaire-C3A0-FC3A8s-750C397430-MAP.jpg 750w, https:\/\/www.mapoujda.ma\/map\/uploads\/2021\/03\/assouplissement-des-mesures-du-confinement-sanitaire-\u00e0-F\u00e8s-750\u00d7430-MAP-300x172.jpg 300w\" sizes=\"auto, (max-width: 750px) 100vw, 750px\"><\/div>\n<div>\n<p style=\"text-align: justify;\">Voici l\u2019essentiel de la note du Haut-Commissariat au Plan (HCP) sur les r\u00e9sultats de l\u2019enqu\u00eate de conjoncture aupr\u00e8s des m\u00e9nages au titre du premier trimestre de 2022 (T1-2022) :<\/p>\n<p style=\"text-align: justify;\">\u2013 L\u2019indice de confiance des m\u00e9nages (ICM) s\u2019est \u00e9tabli \u00e0 53,7 points au T1, au lieu de 61,2 points enregistr\u00e9s le trimestre pr\u00e9c\u00e9dent.<\/p>\n<p style=\"text-align: justify;\">\u2013 5,6% des m\u00e9nages d\u00e9clarent une d\u00e9gradation du niveau de vie au cours des 12 derniers mois, 15,7% un maintien au m\u00eame niveau et 8,7% une am\u00e9lioration.<\/p>\n<p style=\"text-align: justify;\">\u2013 Le solde d\u2019opinion relatif \u00e0 cet indicateur s\u2019est \u00e9tabli \u00e0 moins 66,9 points en d\u00e9gradation aussi bien par rapport au trimestre pr\u00e9c\u00e9dent que par rapport au m\u00eame trimestre de l\u2019ann\u00e9e pr\u00e9c\u00e9dente o\u00f9 il \u00e9tait \u00e0 moins 55,2 points et \u00e0 moins 50,5 points respectivement.<\/p>\n<p style=\"text-align: justify;\">\u2013 Au cours des 12 prochains mois, 39,1% des m\u00e9nages s\u2019attendent \u00e0 une d\u00e9gradation du niveau de vie, 43,3% \u00e0 un maintien au m\u00eame niveau et 17,6% \u00e0 une am\u00e9lioration.<\/p>\n<p style=\"text-align: justify;\">\u2013 Le solde d\u2019opinion sur l\u2019\u00e9volution future du niveau de vie est rest\u00e9 n\u00e9gatif \u00e0 moins 21,5 points, contre moins 1,3 points au trimestre pr\u00e9c\u00e9dent et 13,2 points au m\u00eame trimestre de l\u2019ann\u00e9e pass\u00e9e.<\/p>\n<p style=\"text-align: justify;\">\u2013 Au T1 de 2022, 87,4% contre 4,6% des m\u00e9nages s\u2019attendent \u00e0 une hausse du ch\u00f4mage au cours des 12 prochains mois.<\/p>\n<p style=\"text-align: justify;\">\u2013 Le solde d\u2019opinion relatif \u00e0 cet indicateur est rest\u00e9 n\u00e9gatif et s\u2019est d\u00e9grad\u00e9 \u00e0 moins 82,8 points contre moins 77,6 points un trimestre auparavant et \u00e0 moins 62,2 points un an auparavant.<\/p>\n<p style=\"text-align: justify;\">\u2013 S\u2019agissant des achats de biens durables, 76,5% contre 9,8% des m\u00e9nages consid\u00e8rent que le moment n\u2019est pas opportun pour effectuer des achats de biens durables.<\/p>\n<p style=\"text-align: justify;\">\u2013 8,5% des m\u00e9nages estiment que leurs revenus couvrent leurs d\u00e9penses, 47,4% d\u00e9clarent s\u2019endetter ou puiser dans leur \u00e9pargne et 4,1% affirment \u00e9pargner une partie de leur revenu.<\/p>\n<p style=\"text-align: justify;\">\u2013 Quant \u00e0 l\u2019\u00e9volution de leur situation financi\u00e8re au cours des 12 derniers mois, 56,9% contre 6,0% des m\u00e9nages consid\u00e8rent qu\u2019elle s\u2019est d\u00e9grad\u00e9e.<\/p>\n<\/div>\n<p>L\u2019article <a rel=\"nofollow\" href=\"https:\/\/www.mapoujda.ma\/fr\/menages-lessentiel-de-lenquete-de-conjoncture-du-hcp\/\">M\u00e9nages: L\u2019essentiel de l\u2019enqu\u00eate de conjoncture du HCP<\/a> est apparu en premier sur <a rel=\"nofollow\" href=\"https:\/\/www.mapoujda.ma\/fr\">MapOujda<\/a>.<\/p>\n<\/div>\n<p>Auteur: Soufiane ELAHMAR<br \/>\n<a href=\"https:\/\/www.mapoujda.ma\/fr\/menages-lessentiel-de-lenquete-de-conjoncture-du-hcp\/\">Cliquez ici pour lire l&rsquo;article depuis sa source.<\/a><\/p>\n","protected":false},"excerpt":{"rendered":"<p>Voici l\u2019essentiel de la note du Haut-Commissariat au Plan (HCP) sur les r\u00e9sultats de l\u2019enqu\u00eate de conjoncture aupr\u00e8s des m\u00e9nages au titre du premier trimestre de 2022 (T1-2022) : \u2013 L\u2019indice de confiance des m\u00e9nages (ICM) s\u2019est \u00e9tabli \u00e0 53,7 points au T1, au lieu de 61,2 points enregistr\u00e9s le trimestre pr\u00e9c\u00e9dent. \u2013 5,6% des [&hellip;]<\/p>\n","protected":false},"author":1788,"featured_media":0,"comment_status":"closed","ping_status":"closed","sticky":false,"template":"","format":"standard","meta":{"fifu_image_url":"https:\/\/www.mapoujda.ma\/map\/uploads\/2021\/03\/assouplissement-des-mesures-du-confinement-sanitaire-\u00e0-F\u00e8s-750\u00d7430-MAP.jpg","fifu_image_alt":"M\u00e9nages: L\u2019essentiel de l\u2019enqu\u00eate de conjoncture du HCP","footnotes":""},"categories":[54,76],"tags":[],"class_list":["post-145568","post","type-post","status-publish","format-standard","hentry","category-maroc","category-regions"],"_links":{"self":[{"href":"https:\/\/linitiative.ca\/International\/wp-json\/wp\/v2\/posts\/145568","targetHints":{"allow":["GET"]}}],"collection":[{"href":"https:\/\/linitiative.ca\/International\/wp-json\/wp\/v2\/posts"}],"about":[{"href":"https:\/\/linitiative.ca\/International\/wp-json\/wp\/v2\/types\/post"}],"author":[{"embeddable":true,"href":"https:\/\/linitiative.ca\/International\/wp-json\/wp\/v2\/users\/1788"}],"replies":[{"embeddable":true,"href":"https:\/\/linitiative.ca\/International\/wp-json\/wp\/v2\/comments?post=145568"}],"version-history":[{"count":0,"href":"https:\/\/linitiative.ca\/International\/wp-json\/wp\/v2\/posts\/145568\/revisions"}],"wp:attachment":[{"href":"https:\/\/linitiative.ca\/International\/wp-json\/wp\/v2\/media?parent=145568"}],"wp:term":[{"taxonomy":"category","embeddable":true,"href":"https:\/\/linitiative.ca\/International\/wp-json\/wp\/v2\/categories?post=145568"},{"taxonomy":"post_tag","embeddable":true,"href":"https:\/\/linitiative.ca\/International\/wp-json\/wp\/v2\/tags?post=145568"}],"curies":[{"name":"wp","href":"https:\/\/api.w.org\/{rel}","templated":true}]}}