{"id":14557,"date":"2019-02-15T10:33:11","date_gmt":"2019-02-15T15:33:11","guid":{"rendered":"https:\/\/linitiative.ca\/International\/85606-voile-l-algerie-hote-des-championnats-d-afrique-2019-serie-rsx-du-6-au-12-octobre\/"},"modified":"2019-02-15T10:33:11","modified_gmt":"2019-02-15T15:33:11","slug":"85606-voile-l-algerie-hote-des-championnats-d-afrique-2019-serie-rsx-du-6-au-12-octobre","status":"publish","type":"post","link":"https:\/\/linitiative.ca\/International\/85606-voile-l-algerie-hote-des-championnats-d-afrique-2019-serie-rsx-du-6-au-12-octobre\/","title":{"rendered":"Voile : l&rsquo;Alg\u00e9rie h\u00f4te des Championnats d&rsquo;Afrique 2019 (S\u00e9rie RSX) du 6 au 12 octobre"},"content":{"rendered":"<div>\n<div class=\"K2FeedIntroText\">\n<p>ALGER- Les Championnats d&rsquo;Afrique 2019 de la S\u00e9rie RSX (Messieurs et Dames) se d\u00e9rouleront du 6 au 12 octobre, \u00e0 l&rsquo;Ecole nationale des sports nautiques et subaquatiques d&rsquo;Alger-Plage, a appris l&rsquo;APS vendredi aupr\u00e8s de la F\u00e9d\u00e9ration alg\u00e9rienne de voile (FAV).<\/p>\n<\/div>\n<div class=\"K2FeedFullText\">\n<p>Une comp\u00e9tition \u00e0 double enjeux pour les diff\u00e9rentes s\u00e9lections africaines qui y seront engag\u00e9es, car outre les titres continentaux qui seront mis en jeu, il sera \u00e9galement question de d\u00e9crocher un billet pour les prochains Jeux Olympiques d&rsquo;\u00e9t\u00e9. Cette comp\u00e9tition \u00e9tant qualificative, en effet, pour les prochaines olympiades, pr\u00e9vues en 2020 \u00e0 Tokyo (Japon).<\/p>\n<p>\u00ab\u00a0Les r\u00e9gates seront d&rsquo;une dur\u00e9e de 20 \u00e0 25 minutes\u00a0\u00bb a pr\u00e9cis\u00e9 la FAV, ajoutant que \u00ab\u00a0les messieurs et les dames aborderont leurs courses s\u00e9par\u00e9ment\u00a0\u00bb.<\/p>\n<p>La date limite pour confirmer l&rsquo;engagement est fix\u00e9e au 30 septembre 2019, a-t-on encore appris de m\u00eame source.<\/p>\n<\/div>\n<p><img loading=\"lazy\" decoding=\"async\" src=\"http:\/\/feeds.feedburner.com\/~r\/aps-sport\/~4\/3jAziWkYBpk\" height=\"1\" width=\"1\" alt=\"\"><\/div>\n<p>Auteur:<br \/>\n<a href=\"http:\/\/www.aps.dz\/sport\/85606-voile-l-algerie-hote-des-championnats-d-afrique-2019-serie-rsx-du-6-au-12-octobre?utm_source=feedburner&#038;utm_medium=feed&#038;utm_campaign=Feed%3A+aps-sport+%28APS+-+SPORT%29\">Cliquez ici pour lire l&rsquo;article depuis sa source.<\/a><\/p>\n","protected":false},"excerpt":{"rendered":"<p>ALGER- Les Championnats d&rsquo;Afrique 2019 de la S\u00e9rie RSX (Messieurs et Dames) se d\u00e9rouleront du 6 au 12 octobre, \u00e0 l&rsquo;Ecole nationale des sports nautiques et subaquatiques d&rsquo;Alger-Plage, a appris l&rsquo;APS vendredi aupr\u00e8s de la F\u00e9d\u00e9ration alg\u00e9rienne de voile (FAV). Une comp\u00e9tition \u00e0 double enjeux pour les diff\u00e9rentes s\u00e9lections africaines qui y seront engag\u00e9es, car [&hellip;]<\/p>\n","protected":false},"author":1790,"featured_media":0,"comment_status":"closed","ping_status":"closed","sticky":false,"template":"","format":"standard","meta":{"fifu_image_url":"","fifu_image_alt":"","footnotes":""},"categories":[53,75],"tags":[],"class_list":["post-14557","post","type-post","status-publish","format-standard","hentry","category-algerie","category-sport"],"_links":{"self":[{"href":"https:\/\/linitiative.ca\/International\/wp-json\/wp\/v2\/posts\/14557","targetHints":{"allow":["GET"]}}],"collection":[{"href":"https:\/\/linitiative.ca\/International\/wp-json\/wp\/v2\/posts"}],"about":[{"href":"https:\/\/linitiative.ca\/International\/wp-json\/wp\/v2\/types\/post"}],"author":[{"embeddable":true,"href":"https:\/\/linitiative.ca\/International\/wp-json\/wp\/v2\/users\/1790"}],"replies":[{"embeddable":true,"href":"https:\/\/linitiative.ca\/International\/wp-json\/wp\/v2\/comments?post=14557"}],"version-history":[{"count":0,"href":"https:\/\/linitiative.ca\/International\/wp-json\/wp\/v2\/posts\/14557\/revisions"}],"wp:attachment":[{"href":"https:\/\/linitiative.ca\/International\/wp-json\/wp\/v2\/media?parent=14557"}],"wp:term":[{"taxonomy":"category","embeddable":true,"href":"https:\/\/linitiative.ca\/International\/wp-json\/wp\/v2\/categories?post=14557"},{"taxonomy":"post_tag","embeddable":true,"href":"https:\/\/linitiative.ca\/International\/wp-json\/wp\/v2\/tags?post=14557"}],"curies":[{"name":"wp","href":"https:\/\/api.w.org\/{rel}","templated":true}]}}