{"id":145570,"date":"2022-04-14T19:59:55","date_gmt":"2022-04-14T23:59:55","guid":{"rendered":"https:\/\/linitiative.ca\/International\/test-pcr-ou-pass-vaccinal-pour-les-voyages-maritimes\/"},"modified":"2022-04-14T19:59:55","modified_gmt":"2022-04-14T23:59:55","slug":"test-pcr-ou-pass-vaccinal-pour-les-voyages-maritimes","status":"publish","type":"post","link":"https:\/\/linitiative.ca\/International\/test-pcr-ou-pass-vaccinal-pour-les-voyages-maritimes\/","title":{"rendered":"Test PCR ou pass-vaccinal pour les voyages maritimes"},"content":{"rendered":"<div>\n<div style=\"margin-bottom:20px;\"><img loading=\"lazy\" decoding=\"async\" width=\"750\" height=\"430\" src=\"https:\/\/linitiative.ca\/International\/wp-content\/uploads\/sites\/23\/2022\/04\/Conseil-de-Gouvernement-Mustapha-Baitas-point-de-presse-750C397430-MAP.jpg\" class=\"attachment-post-thumbnail size-post-thumbnail wp-post-image\" alt=\"\" srcset=\"https:\/\/linitiative.ca\/International\/wp-content\/uploads\/sites\/23\/2022\/04\/Conseil-de-Gouvernement-Mustapha-Baitas-point-de-presse-750C397430-MAP.jpg 750w, https:\/\/www.mapoujda.ma\/map\/uploads\/2022\/04\/Conseil-de-Gouvernement-Mustapha-Baitas-point-de-presse-750\u00d7430-MAP-300x172.jpg 300w\" sizes=\"auto, (max-width: 750px) 100vw, 750px\"><\/div>\n<div>\n<p style=\"text-align: justify;\">Les voyageurs par voie maritime peuvent effectuer un test PCR ou pr\u00e9senter le pass-vaccinal, a indiqu\u00e9 jeudi \u00e0 Rabat le ministre d\u00e9l\u00e9gu\u00e9 charg\u00e9 des Relations avec le parlement, porte-parole du gouvernement, Mustapha Baitas.<\/p>\n<p style=\"text-align: justify;\">Le gouvernement n\u2019h\u00e9site pas \u00e0 assouplir les mesures pr\u00e9ventives anti-covid lorsque \u00ab\u00a0les conditions n\u00e9cessaires sont r\u00e9unies\u00a0\u00bb, a dit M. Baitas lors d\u2019un point de presse \u00e0 l\u2019issue du Conseil de gouvernement.<\/p>\n<p style=\"text-align: justify;\">En effet, le gouvernement interagit avec les restrictions anti-covid en fonction de l\u2019\u00e9volution de la situation \u00e9pid\u00e9miologique nationale et internationale, a assur\u00e9 M. Baitas, notant que l\u2019assouplissement de ces mesures demeure n\u00e9cessaire pour doper la relance \u00e9conomique et garantir la libert\u00e9 de mouvement des citoyens.<\/p>\n<p style=\"text-align: justify;\">Dans le cadre du r\u00e9tablissement des liaisons maritimes entre le Maroc et l\u2019Espagne, les compagnies maritimes avaient repris mardi leurs services passagers entre les ports marocains de Tanger Med et de Tanger ville et les ports espagnols d\u2019Algesiras et de Tarifa.<\/p>\n<\/div>\n<p>L\u2019article <a rel=\"nofollow\" href=\"https:\/\/www.mapoujda.ma\/fr\/test-pcr-ou-pass-vaccinal-pour-les-voyages-maritimes\/\">Test PCR ou pass-vaccinal pour les voyages maritimes<\/a> est apparu en premier sur <a rel=\"nofollow\" href=\"https:\/\/www.mapoujda.ma\/fr\">MapOujda<\/a>.<\/p>\n<\/div>\n<p>Auteur: Soufiane ELAHMAR<br \/>\n<a href=\"https:\/\/www.mapoujda.ma\/fr\/test-pcr-ou-pass-vaccinal-pour-les-voyages-maritimes\/\">Cliquez ici pour lire l&rsquo;article depuis sa source.<\/a><\/p>\n","protected":false},"excerpt":{"rendered":"<p>Les voyageurs par voie maritime peuvent effectuer un test PCR ou pr\u00e9senter le pass-vaccinal, a indiqu\u00e9 jeudi \u00e0 Rabat le ministre d\u00e9l\u00e9gu\u00e9 charg\u00e9 des Relations avec le parlement, porte-parole du gouvernement, Mustapha Baitas. Le gouvernement n\u2019h\u00e9site pas \u00e0 assouplir les mesures pr\u00e9ventives anti-covid lorsque \u00ab\u00a0les conditions n\u00e9cessaires sont r\u00e9unies\u00a0\u00bb, a dit M. Baitas lors d\u2019un [&hellip;]<\/p>\n","protected":false},"author":1788,"featured_media":0,"comment_status":"closed","ping_status":"closed","sticky":false,"template":"","format":"standard","meta":{"fifu_image_url":"https:\/\/www.mapoujda.ma\/map\/uploads\/2022\/04\/Conseil-de-Gouvernement-Mustapha-Baitas-point-de-presse-750\u00d7430-MAP.jpg","fifu_image_alt":"Test PCR ou pass-vaccinal pour les voyages maritimes","footnotes":""},"categories":[54,76],"tags":[],"class_list":["post-145570","post","type-post","status-publish","format-standard","hentry","category-maroc","category-regions"],"_links":{"self":[{"href":"https:\/\/linitiative.ca\/International\/wp-json\/wp\/v2\/posts\/145570","targetHints":{"allow":["GET"]}}],"collection":[{"href":"https:\/\/linitiative.ca\/International\/wp-json\/wp\/v2\/posts"}],"about":[{"href":"https:\/\/linitiative.ca\/International\/wp-json\/wp\/v2\/types\/post"}],"author":[{"embeddable":true,"href":"https:\/\/linitiative.ca\/International\/wp-json\/wp\/v2\/users\/1788"}],"replies":[{"embeddable":true,"href":"https:\/\/linitiative.ca\/International\/wp-json\/wp\/v2\/comments?post=145570"}],"version-history":[{"count":0,"href":"https:\/\/linitiative.ca\/International\/wp-json\/wp\/v2\/posts\/145570\/revisions"}],"wp:attachment":[{"href":"https:\/\/linitiative.ca\/International\/wp-json\/wp\/v2\/media?parent=145570"}],"wp:term":[{"taxonomy":"category","embeddable":true,"href":"https:\/\/linitiative.ca\/International\/wp-json\/wp\/v2\/categories?post=145570"},{"taxonomy":"post_tag","embeddable":true,"href":"https:\/\/linitiative.ca\/International\/wp-json\/wp\/v2\/tags?post=145570"}],"curies":[{"name":"wp","href":"https:\/\/api.w.org\/{rel}","templated":true}]}}