{"id":145572,"date":"2022-04-15T08:09:28","date_gmt":"2022-04-15T12:09:28","guid":{"rendered":"https:\/\/linitiative.ca\/International\/al-qods-plus-dune-centaine-de-blesses-lors-de-heurts-sur-lesplanade-des-mosquees\/"},"modified":"2022-04-15T08:09:28","modified_gmt":"2022-04-15T12:09:28","slug":"al-qods-plus-dune-centaine-de-blesses-lors-de-heurts-sur-lesplanade-des-mosquees","status":"publish","type":"post","link":"https:\/\/linitiative.ca\/International\/al-qods-plus-dune-centaine-de-blesses-lors-de-heurts-sur-lesplanade-des-mosquees\/","title":{"rendered":"Al Qods: Plus d&rsquo;une centaine de bless\u00e9s lors de heurts sur l&rsquo;Esplanade des mosqu\u00e9es"},"content":{"rendered":"<div>\n<div class=\"field field-name-body field-type-text-with-summary field-label-hidden\">\n<div class=\"field-items\">\n<div class=\"field-item even\" property=\"content:encoded\">\n<p class=\"rtejustify\">Des affrontements entre manifestants palestiniens et policiers isra\u00e9liens sur l&rsquo;Esplanade des Mosqu\u00e9es \u00e0 Al Qods (J\u00e9rusalem), les premiers sur place depuis le d\u00e9but du ramadan, ont fait plus d&rsquo;une centaine de bless\u00e9s vendredi sur fond de crainte d&rsquo;un embrasement dans les Territoires palestiniens occup\u00e9s.<\/p>\n<\/div>\n<\/div>\n<\/div>\n<\/div>\n<p>Auteur: hgueye<br \/>\n<a href=\"https:\/\/www.leconomiste.com\/flash-infos\/al-qods-plus-d-une-centaine-de-blesses-lors-de-heurts-sur-l-esplanade-des-mosquees\">Cliquez ici pour lire l&rsquo;article depuis sa source.<\/a><\/p>\n","protected":false},"excerpt":{"rendered":"<p>Des affrontements entre manifestants palestiniens et policiers isra\u00e9liens sur l&rsquo;Esplanade des Mosqu\u00e9es \u00e0 Al Qods (J\u00e9rusalem), les premiers sur place depuis le d\u00e9but du ramadan, ont fait plus d&rsquo;une centaine de bless\u00e9s vendredi sur fond de crainte d&rsquo;un embrasement dans les Territoires palestiniens occup\u00e9s. Auteur: hgueye Cliquez ici pour lire l&rsquo;article depuis sa source.<\/p>\n","protected":false},"author":1763,"featured_media":0,"comment_status":"closed","ping_status":"closed","sticky":false,"template":"","format":"standard","meta":{"fifu_image_url":"","fifu_image_alt":"","footnotes":""},"categories":[78,54],"tags":[],"class_list":["post-145572","post","type-post","status-publish","format-standard","hentry","category-economie","category-maroc"],"_links":{"self":[{"href":"https:\/\/linitiative.ca\/International\/wp-json\/wp\/v2\/posts\/145572","targetHints":{"allow":["GET"]}}],"collection":[{"href":"https:\/\/linitiative.ca\/International\/wp-json\/wp\/v2\/posts"}],"about":[{"href":"https:\/\/linitiative.ca\/International\/wp-json\/wp\/v2\/types\/post"}],"author":[{"embeddable":true,"href":"https:\/\/linitiative.ca\/International\/wp-json\/wp\/v2\/users\/1763"}],"replies":[{"embeddable":true,"href":"https:\/\/linitiative.ca\/International\/wp-json\/wp\/v2\/comments?post=145572"}],"version-history":[{"count":0,"href":"https:\/\/linitiative.ca\/International\/wp-json\/wp\/v2\/posts\/145572\/revisions"}],"wp:attachment":[{"href":"https:\/\/linitiative.ca\/International\/wp-json\/wp\/v2\/media?parent=145572"}],"wp:term":[{"taxonomy":"category","embeddable":true,"href":"https:\/\/linitiative.ca\/International\/wp-json\/wp\/v2\/categories?post=145572"},{"taxonomy":"post_tag","embeddable":true,"href":"https:\/\/linitiative.ca\/International\/wp-json\/wp\/v2\/tags?post=145572"}],"curies":[{"name":"wp","href":"https:\/\/api.w.org\/{rel}","templated":true}]}}