{"id":145574,"date":"2022-04-15T09:34:49","date_gmt":"2022-04-15T13:34:49","guid":{"rendered":"https:\/\/linitiative.ca\/International\/federation-de-lenergie-mohamed-rachid-idrissi-kaitouni-reelu\/"},"modified":"2022-04-15T09:34:49","modified_gmt":"2022-04-15T13:34:49","slug":"federation-de-lenergie-mohamed-rachid-idrissi-kaitouni-reelu","status":"publish","type":"post","link":"https:\/\/linitiative.ca\/International\/federation-de-lenergie-mohamed-rachid-idrissi-kaitouni-reelu\/","title":{"rendered":"F\u00e9d\u00e9ration de l\u2019\u00e9nergie: Mohamed Rachid Idrissi Kaitouni r\u00e9\u00e9lu"},"content":{"rendered":"<div>\n<div class=\"field field-name-body field-type-text-with-summary field-label-hidden\">\n<div class=\"field-items\">\n<div class=\"field-item even\" property=\"content:encoded\">\n<p class=\"rtejustify\">Mohamed Rachid Idrissi Kaitouni a \u00e9t\u00e9 nomm\u00e9 \u00e0 la t\u00eate de la F\u00e9d\u00e9ration de l\u2019Energie pour le mandat (2022-2025). Cette \u00e9lection s\u2019est d\u00e9roul\u00e9e lors de l\u2019Assembl\u00e9e g\u00e9n\u00e9rale de la F\u00e9d\u00e9ration tenue le 14 avril. La seule liste en lice a ainsi \u00e9t\u00e9 retenue par l\u2019AG. Quatre vice-pr\u00e9sidents ont \u00e9galement \u00e9t\u00e9 \u00e9lus (Ahmed Nakkouch, Sa\u00efd El Hadi, Abderrahim El Hafidi et Amina Benkhadra) ainsi qu\u2019un tr\u00e9sorier et un tr\u00e9sorier adjoint (Philippe Miquel et Jean Pascal Darriet).<\/p>\n<\/div>\n<\/div>\n<\/div>\n<\/div>\n<p>Auteur: hgueye<br \/>\n<a href=\"https:\/\/www.leconomiste.com\/flash-infos\/federation-de-l-energie-mohamed-rachid-idrissi-kaitouni-reelu\">Cliquez ici pour lire l&rsquo;article depuis sa source.<\/a><\/p>\n","protected":false},"excerpt":{"rendered":"<p>Mohamed Rachid Idrissi Kaitouni a \u00e9t\u00e9 nomm\u00e9 \u00e0 la t\u00eate de la F\u00e9d\u00e9ration de l\u2019Energie pour le mandat (2022-2025). Cette \u00e9lection s\u2019est d\u00e9roul\u00e9e lors de l\u2019Assembl\u00e9e g\u00e9n\u00e9rale de la F\u00e9d\u00e9ration tenue le 14 avril. La seule liste en lice a ainsi \u00e9t\u00e9 retenue par l\u2019AG. Quatre vice-pr\u00e9sidents ont \u00e9galement \u00e9t\u00e9 \u00e9lus (Ahmed Nakkouch, Sa\u00efd El [&hellip;]<\/p>\n","protected":false},"author":1763,"featured_media":0,"comment_status":"closed","ping_status":"closed","sticky":false,"template":"","format":"standard","meta":{"fifu_image_url":"","fifu_image_alt":"","footnotes":""},"categories":[78,54],"tags":[],"class_list":["post-145574","post","type-post","status-publish","format-standard","hentry","category-economie","category-maroc"],"_links":{"self":[{"href":"https:\/\/linitiative.ca\/International\/wp-json\/wp\/v2\/posts\/145574","targetHints":{"allow":["GET"]}}],"collection":[{"href":"https:\/\/linitiative.ca\/International\/wp-json\/wp\/v2\/posts"}],"about":[{"href":"https:\/\/linitiative.ca\/International\/wp-json\/wp\/v2\/types\/post"}],"author":[{"embeddable":true,"href":"https:\/\/linitiative.ca\/International\/wp-json\/wp\/v2\/users\/1763"}],"replies":[{"embeddable":true,"href":"https:\/\/linitiative.ca\/International\/wp-json\/wp\/v2\/comments?post=145574"}],"version-history":[{"count":0,"href":"https:\/\/linitiative.ca\/International\/wp-json\/wp\/v2\/posts\/145574\/revisions"}],"wp:attachment":[{"href":"https:\/\/linitiative.ca\/International\/wp-json\/wp\/v2\/media?parent=145574"}],"wp:term":[{"taxonomy":"category","embeddable":true,"href":"https:\/\/linitiative.ca\/International\/wp-json\/wp\/v2\/categories?post=145574"},{"taxonomy":"post_tag","embeddable":true,"href":"https:\/\/linitiative.ca\/International\/wp-json\/wp\/v2\/tags?post=145574"}],"curies":[{"name":"wp","href":"https:\/\/api.w.org\/{rel}","templated":true}]}}