{"id":14558,"date":"2019-02-15T11:30:00","date_gmt":"2019-02-15T16:30:00","guid":{"rendered":"https:\/\/linitiative.ca\/International\/election-presidentielle-la-base-ouvriere-appelee-a-se-mobiliser\/"},"modified":"2019-02-15T11:30:00","modified_gmt":"2019-02-15T16:30:00","slug":"election-presidentielle-la-base-ouvriere-appelee-a-se-mobiliser","status":"publish","type":"post","link":"https:\/\/linitiative.ca\/International\/election-presidentielle-la-base-ouvriere-appelee-a-se-mobiliser\/","title":{"rendered":"ELECTION PRESIDENTIELLE   : La base ouvri\u00e8re  appel\u00e9e \u00e0 se mobiliser"},"content":{"rendered":"<p><br id=\"sep_para_1\" class=\"sep_para access\"\/><\/p>\n<div id=\"para_1\" class=\"para_29236756 resize\">\n<div class=\"photo shadow left\"><a href=\"javascript:void(0)\" rel=\"https:\/\/www.reflexiondz.net\/photo\/art\/grande\/30757133-29236756.jpg?v=1550255028&#038;ibox\" title=\"ELECTION PRESIDENTIELLE : La base ouvri\u00e8re appel\u00e9e \u00e0 se mobiliser\"><img decoding=\"async\" class=\"responsive c9\" src=\"https:\/\/www.reflexiondz.net\/photo\/art\/grande\/30757133-29236756.jpg?v=1550255028\" alt=\"ELECTION PRESIDENTIELLE : La base ouvri\u00e8re appel\u00e9e \u00e0 se mobiliser\" title=\"ELECTION PRESIDENTIELLE : La base ouvri\u00e8re appel\u00e9e \u00e0 se mobiliser\"\/><img decoding=\"async\" class=\"not-responsive\" src=\"https:\/\/www.reflexiondz.net\/photo\/art\/default\/30757133-29236756.jpg?v=1550255030\" alt=\"ELECTION PRESIDENTIELLE : La base ouvri\u00e8re appel\u00e9e \u00e0 se mobiliser\" title=\"ELECTION PRESIDENTIELLE : La base ouvri\u00e8re appel\u00e9e \u00e0 se mobiliser\"\/><\/a><\/div>\n<div class=\"texte access firstletter\">Recevant en audience M.Abdelmalek Sellal, directeur de campagne d\u2019Abdelaziz Bouteflika au si\u00e8ge de l&rsquo;UGTA, M. Sidi Sa\u00efd a indiqu\u00e9 que son organisation avait d\u00e9cid\u00e9 \u00ab\u00a0de soutenir le candidat des Alg\u00e9riens et l&rsquo;homme historique qui a servi l&rsquo;Alg\u00e9rie lors de la R\u00e9volution nationale et apr\u00e8s l&rsquo;ind\u00e9pendance\u00a0\u00bb, appelant tous les travailleurs \u00e0 se mobiliser pour assurer la \u00ab\u00a0victoire, \u00e0 la majorit\u00e9 \u00e9crasante, de M. Bouteflika \u00e0 la prochaine pr\u00e9sidentielle\u00bb. En Outre, le SG de l&rsquo;UGTA a mis en avant \u00ab\u00a0les r\u00e9alisations accomplies dans tous les domaines lors des mandats pr\u00e9c\u00e9dents\u00a0\u00bb, en allusion aux \u00ab\u00a0acquis obtenus dans les domaines \u00e9conomique et politique, gr\u00e2ce \u00e0 la politique judicieuse du Pr\u00e9sident Bouteflika\u00a0\u00bb, appelant \u00e0 la\u00a0 \u00ab\u00a0reconnaissance de ces r\u00e9alisations et assurer leur continuit\u00e9 \u00e0 l&rsquo;avenir\u00bb. Il a salu\u00e9, \u00e9galement, le r\u00f4le du pr\u00e9sident de la R\u00e9publique dans \u00ab\u00a0l&rsquo;instauration de la s\u00e9curit\u00e9 et de la stabilit\u00e9, gr\u00e2ce \u00e0 la politique de la paix et de la r\u00e9conciliation nationale qui a permis de conforter l&rsquo;unit\u00e9 nationale\u00bb. Dans une d\u00e9claration \u00e0 la presse en marge de cette rencontre, M. Sidi Sa\u00efd a fait savoir que l&rsquo;UGTA qui va participer \u00e0 l&rsquo;animation de la campagne \u00e9lectorale de M. Bouteflika, avait d\u00e9j\u00e0 entam\u00e9 la collecte des signatures \u00e0 son profit. De son c\u00f4t\u00e9, M. Sellal qui a refus\u00e9 d&rsquo;\u00e9voquer, en d\u00e9tails, le programme pr\u00e9sidentiel de M. Bouteflika, avant le d\u00e9but de la campagne \u00e9lectorale, a affirm\u00e9 que \u00ab\u00a0la candidature du Pr\u00e9sident Bouteflika pour un nouveau mandat a eu un \u00e9cho favorable aupr\u00e8s du peuple alg\u00e9rien et au niveau international\u00bb. A ce propos, M. Sellal a appel\u00e9 \u00e0 une participation massive aux prochaines \u00e9lections pour assurer la victoire de M. Bouteflika, \u00ab\u00a0l&rsquo;homme arm\u00e9 du courage n\u00e9cessaire pour s&rsquo;adapter aux r\u00e9formes et modifier le mod\u00e8le \u00e9conomique actuel, \u00e0 travers la conf\u00e9rence nationale \u00e0 laquelle il a appel\u00e9 dans le but d&rsquo;op\u00e9rer des r\u00e9formes radicales devant impulser l&rsquo;\u00e9conomie nationale, sans pour autant toucher aux acquis sociaux ni aux\u00a0 citoyens \u00e0 faible revenu\u00a0\u00bb.\u00a0\u00bbCes r\u00e9formes doivent \u00e9maner d&rsquo;un consensus national regroupant toutes les parties dont l&rsquo;opposition\u00a0\u00bb, a insist\u00e9 M. Sellal.<\/div>\n<\/div>\n<p>Auteur: Ismain<br \/>\n<a href=\"https:\/\/www.reflexiondz.net\/ELECTION-PRESIDENTIELLE-La-base-ouvriere-appelee-a-se-mobiliser_a54522.html\">Cliquez ici pour lire l&rsquo;article depuis sa source.<\/a><\/p>\n","protected":false},"excerpt":{"rendered":"<p>Recevant en audience M.Abdelmalek Sellal, directeur de campagne d\u2019Abdelaziz Bouteflika au si\u00e8ge de l&rsquo;UGTA, M. Sidi Sa\u00efd a indiqu\u00e9 que son organisation avait d\u00e9cid\u00e9 \u00ab\u00a0de soutenir le candidat des Alg\u00e9riens et l&rsquo;homme historique qui a servi l&rsquo;Alg\u00e9rie lors de la R\u00e9volution nationale et apr\u00e8s l&rsquo;ind\u00e9pendance\u00a0\u00bb, appelant tous les travailleurs \u00e0 se mobiliser pour assurer la [&hellip;]<\/p>\n","protected":false},"author":1740,"featured_media":0,"comment_status":"closed","ping_status":"closed","sticky":false,"template":"","format":"standard","meta":{"fifu_image_url":"","fifu_image_alt":"","footnotes":""},"categories":[53,76],"tags":[],"class_list":["post-14558","post","type-post","status-publish","format-standard","hentry","category-algerie","category-regions"],"_links":{"self":[{"href":"https:\/\/linitiative.ca\/International\/wp-json\/wp\/v2\/posts\/14558","targetHints":{"allow":["GET"]}}],"collection":[{"href":"https:\/\/linitiative.ca\/International\/wp-json\/wp\/v2\/posts"}],"about":[{"href":"https:\/\/linitiative.ca\/International\/wp-json\/wp\/v2\/types\/post"}],"author":[{"embeddable":true,"href":"https:\/\/linitiative.ca\/International\/wp-json\/wp\/v2\/users\/1740"}],"replies":[{"embeddable":true,"href":"https:\/\/linitiative.ca\/International\/wp-json\/wp\/v2\/comments?post=14558"}],"version-history":[{"count":0,"href":"https:\/\/linitiative.ca\/International\/wp-json\/wp\/v2\/posts\/14558\/revisions"}],"wp:attachment":[{"href":"https:\/\/linitiative.ca\/International\/wp-json\/wp\/v2\/media?parent=14558"}],"wp:term":[{"taxonomy":"category","embeddable":true,"href":"https:\/\/linitiative.ca\/International\/wp-json\/wp\/v2\/categories?post=14558"},{"taxonomy":"post_tag","embeddable":true,"href":"https:\/\/linitiative.ca\/International\/wp-json\/wp\/v2\/tags?post=14558"}],"curies":[{"name":"wp","href":"https:\/\/api.w.org\/{rel}","templated":true}]}}