{"id":145581,"date":"2022-04-15T06:01:00","date_gmt":"2022-04-15T10:01:00","guid":{"rendered":"https:\/\/linitiative.ca\/International\/leconomisme-le-solutionnisme-technologique-et-la-pensee-en-silo-cadenassent-les-reflexions-sur-la-transition\/"},"modified":"2022-04-15T06:01:00","modified_gmt":"2022-04-15T10:01:00","slug":"leconomisme-le-solutionnisme-technologique-et-la-pensee-en-silo-cadenassent-les-reflexions-sur-la-transition","status":"publish","type":"post","link":"https:\/\/linitiative.ca\/International\/leconomisme-le-solutionnisme-technologique-et-la-pensee-en-silo-cadenassent-les-reflexions-sur-la-transition\/","title":{"rendered":"L\u2019\u00e9conomisme, le solutionnisme technologique et la pens\u00e9e en silo cadenassent les r\u00e9flexions sur la transition"},"content":{"rendered":"<div><img decoding=\"async\" src=\"https:\/\/linitiative.ca\/International\/wp-content\/uploads\/sites\/23\/2022\/04\/1650015587_article.jpg\" alt=\"L\u2019\u00e9conomisme, le solutionnisme technologique et la pens\u00e9e en silo cadenassent les r\u00e9flexions sur la transition\" align=\"left\">Par Pr Samir Allal<br \/>\nSympt\u00f4me d\u2019une pens\u00e9e verrouill\u00e9e<br \/>\nCet article propose une r\u00e9flexion sur les raisons qui font que depuis plus de cinquante ans toutes les propositions faites pour lutter contre le changement climatique n\u2019ont r\u00e9ussi \u00e0 d\u00e9boucher que sur une augmentation des \u00e9missions.<br \/>\nComment expliquer cette situation o\u00f9 malgr\u00e9 le rapport Meadows sur les limites \u00e0 la croissance ou l\u2019alerte des scientifiques GIEC (Groupe d\u2019experts intergouvernemental sur l\u2019\u00e9volution du climat), toutes les tentatives d\u2019\u00e9cologisation ou de d\u00e9carbonations semblent toujours tourner court?<br \/>\nPourquoi la moindre id\u00e9e \u00e9cologique donne-t-elle imm\u00e9diatement prise dans l\u2019espace public &#8230;<\/p>\n<\/div>\n<p>Auteur:<br \/>\n<a href=\"https:\/\/www.leaders.com.tn\/article\/33246-l-economisme-le-solutionnisme-technologique-et-la-pensee-en-silo-cadenassent-les-reflexions-sur-la-transition\">Cliquez ici pour lire l&rsquo;article depuis sa source.<\/a><\/p>\n","protected":false},"excerpt":{"rendered":"<p>Par Pr Samir Allal Sympt\u00f4me d\u2019une pens\u00e9e verrouill\u00e9e Cet article propose une r\u00e9flexion sur les raisons qui font que depuis plus de cinquante ans toutes les propositions faites pour lutter contre le changement climatique n\u2019ont r\u00e9ussi \u00e0 d\u00e9boucher que sur une augmentation des \u00e9missions. Comment expliquer cette situation o\u00f9 malgr\u00e9 le rapport Meadows sur les [&hellip;]<\/p>\n","protected":false},"author":1772,"featured_media":0,"comment_status":"closed","ping_status":"closed","sticky":false,"template":"","format":"standard","meta":{"fifu_image_url":"http:\/\/www.leaders.com.tn\/uploads\/content\/thumbnails_small\/1650015587_article.jpg","fifu_image_alt":"L\u2019\u00e9conomisme, le solutionnisme technologique et la pens\u00e9e en silo cadenassent les r\u00e9flexions sur la transition","footnotes":""},"categories":[73,55],"tags":[],"class_list":["post-145581","post","type-post","status-publish","format-standard","hentry","category-actualite","category-tunisie"],"_links":{"self":[{"href":"https:\/\/linitiative.ca\/International\/wp-json\/wp\/v2\/posts\/145581","targetHints":{"allow":["GET"]}}],"collection":[{"href":"https:\/\/linitiative.ca\/International\/wp-json\/wp\/v2\/posts"}],"about":[{"href":"https:\/\/linitiative.ca\/International\/wp-json\/wp\/v2\/types\/post"}],"author":[{"embeddable":true,"href":"https:\/\/linitiative.ca\/International\/wp-json\/wp\/v2\/users\/1772"}],"replies":[{"embeddable":true,"href":"https:\/\/linitiative.ca\/International\/wp-json\/wp\/v2\/comments?post=145581"}],"version-history":[{"count":0,"href":"https:\/\/linitiative.ca\/International\/wp-json\/wp\/v2\/posts\/145581\/revisions"}],"wp:attachment":[{"href":"https:\/\/linitiative.ca\/International\/wp-json\/wp\/v2\/media?parent=145581"}],"wp:term":[{"taxonomy":"category","embeddable":true,"href":"https:\/\/linitiative.ca\/International\/wp-json\/wp\/v2\/categories?post=145581"},{"taxonomy":"post_tag","embeddable":true,"href":"https:\/\/linitiative.ca\/International\/wp-json\/wp\/v2\/tags?post=145581"}],"curies":[{"name":"wp","href":"https:\/\/api.w.org\/{rel}","templated":true}]}}