{"id":145583,"date":"2022-04-15T11:12:00","date_gmt":"2022-04-15T15:12:00","guid":{"rendered":"https:\/\/linitiative.ca\/International\/la-tunisie-participera-bien-aux-reunions-du-printemps-du-fmi-et-de-la-banque-mondiale-a-washington\/"},"modified":"2022-04-15T11:12:00","modified_gmt":"2022-04-15T15:12:00","slug":"la-tunisie-participera-bien-aux-reunions-du-printemps-du-fmi-et-de-la-banque-mondiale-a-washington","status":"publish","type":"post","link":"https:\/\/linitiative.ca\/International\/la-tunisie-participera-bien-aux-reunions-du-printemps-du-fmi-et-de-la-banque-mondiale-a-washington\/","title":{"rendered":"La Tunisie participera bien aux r\u00e9unions du printemps du FMI et de la Banque mondiale \u00e0 Washington"},"content":{"rendered":"<div><img decoding=\"async\" src=\"https:\/\/linitiative.ca\/International\/wp-content\/uploads\/sites\/23\/2022\/04\/1650033153_article.jpg\" alt=\"La Tunisie participera bien aux r\u00e9unions du printemps du FMI et de la Banque mondiale \u00e0 Washington \" align=\"left\">A format hybride, participation hybride. Aucune annulation de la mission d\u2019une d\u00e9l\u00e9gation tunisienne de haut niveau aux r\u00e9unions du printemps du FMI et du Groupe de la Banque mondiales qui s\u2019ouvrent ce lundi \u00e0 Washington. Ces r\u00e9unions sont pr\u00e9vues en format hybride, c\u2019est-\u00e0-dire en pr\u00e9sentiel et \u00e0 distance. La d\u00e9l\u00e9gation tunisienne, comme celle de nombreux autres pays \u00e9pousera le m\u00eame style.<br \/>\nCompos\u00e9e du gouverneur de la Banque centrale, de la ministre des Finances et du ministre de l\u2019\u00c9conomie et du Plan ainsi que de hauts fonctionnaires, elle se r\u00e9partira en deux. Marouane El Abassi et Samir Sa\u00efed se rendront d\u00e8s ce samedi dans la capitale f\u00e9d\u00e9rale am\u00e9ricain &#8230;<\/p>\n<\/div>\n<p>Auteur:<br \/>\n<a href=\"https:\/\/www.leaders.com.tn\/article\/33250-la-tunisie-participera-bien-aux-reunions-du-printemps-du-fmi-et-de-la-banque-mondiale-a-washington\">Cliquez ici pour lire l&rsquo;article depuis sa source.<\/a><\/p>\n","protected":false},"excerpt":{"rendered":"<p>A format hybride, participation hybride. Aucune annulation de la mission d\u2019une d\u00e9l\u00e9gation tunisienne de haut niveau aux r\u00e9unions du printemps du FMI et du Groupe de la Banque mondiales qui s\u2019ouvrent ce lundi \u00e0 Washington. Ces r\u00e9unions sont pr\u00e9vues en format hybride, c\u2019est-\u00e0-dire en pr\u00e9sentiel et \u00e0 distance. La d\u00e9l\u00e9gation tunisienne, comme celle de nombreux [&hellip;]<\/p>\n","protected":false},"author":1772,"featured_media":0,"comment_status":"closed","ping_status":"closed","sticky":false,"template":"","format":"standard","meta":{"fifu_image_url":"http:\/\/www.leaders.com.tn\/uploads\/content\/thumbnails_small\/1650033153_article.jpg","fifu_image_alt":"La Tunisie participera bien aux r\u00e9unions du printemps du FMI et de la Banque mondiale \u00e0 Washington","footnotes":""},"categories":[73,55],"tags":[],"class_list":["post-145583","post","type-post","status-publish","format-standard","hentry","category-actualite","category-tunisie"],"_links":{"self":[{"href":"https:\/\/linitiative.ca\/International\/wp-json\/wp\/v2\/posts\/145583","targetHints":{"allow":["GET"]}}],"collection":[{"href":"https:\/\/linitiative.ca\/International\/wp-json\/wp\/v2\/posts"}],"about":[{"href":"https:\/\/linitiative.ca\/International\/wp-json\/wp\/v2\/types\/post"}],"author":[{"embeddable":true,"href":"https:\/\/linitiative.ca\/International\/wp-json\/wp\/v2\/users\/1772"}],"replies":[{"embeddable":true,"href":"https:\/\/linitiative.ca\/International\/wp-json\/wp\/v2\/comments?post=145583"}],"version-history":[{"count":0,"href":"https:\/\/linitiative.ca\/International\/wp-json\/wp\/v2\/posts\/145583\/revisions"}],"wp:attachment":[{"href":"https:\/\/linitiative.ca\/International\/wp-json\/wp\/v2\/media?parent=145583"}],"wp:term":[{"taxonomy":"category","embeddable":true,"href":"https:\/\/linitiative.ca\/International\/wp-json\/wp\/v2\/categories?post=145583"},{"taxonomy":"post_tag","embeddable":true,"href":"https:\/\/linitiative.ca\/International\/wp-json\/wp\/v2\/tags?post=145583"}],"curies":[{"name":"wp","href":"https:\/\/api.w.org\/{rel}","templated":true}]}}