{"id":145585,"date":"2022-04-15T12:09:00","date_gmt":"2022-04-15T16:09:00","guid":{"rendered":"https:\/\/linitiative.ca\/International\/ahmed-ounaies-la-guerre-dukraine-et-lordre-mondial\/"},"modified":"2022-04-15T12:09:00","modified_gmt":"2022-04-15T16:09:00","slug":"ahmed-ounaies-la-guerre-dukraine-et-lordre-mondial","status":"publish","type":"post","link":"https:\/\/linitiative.ca\/International\/ahmed-ounaies-la-guerre-dukraine-et-lordre-mondial\/","title":{"rendered":"Ahmed Ouna\u00efes: La guerre d\u2019Ukraine et l\u2019ordre mondial"},"content":{"rendered":"<div><img decoding=\"async\" src=\"https:\/\/linitiative.ca\/International\/wp-content\/uploads\/sites\/23\/2022\/04\/1650036787_article.jpg\" alt=\"Ahmed Ouna\u00efes: La guerre d\u2019Ukraine et l\u2019ordre mondial \" align=\"left\">La guerre d\u2019Ukraine nous interpelle. Elle pose cr\u00fbment le probl\u00e8me du maintien de la paix et de la s\u00e9curit\u00e9 en Europe. Nous r\u00e9alisons \u00e0 vif que l\u2019ordre de s\u00e9curit\u00e9 europ\u00e9en est pr\u00e9caire, que la diplomatie est impuissante \u00e0 endiguer les forces de guerre et que l\u2019\u00e8re de paix promise par la Charte des Nations Unies, qui a conf\u00e9r\u00e9 un statut privil\u00e9gi\u00e9 pour les cinq membres permanents du Conseil de S\u00e9curit\u00e9, n\u2019a pas permis de surmonter une crise impliquant au premier chef les membres permanents eux-m\u00eames.<br \/>\nJusqu\u2019au XXIe si\u00e8cle, les crises qui avaient secou\u00e9 la sc\u00e8ne europ\u00e9enne \u00e9taient surmont\u00e9es par le recours, en dernier ressort, \u00e0 l\u2019entente strat\u00e9gique &#8230;<\/p>\n<\/div>\n<p>Auteur:<br \/>\n<a href=\"https:\/\/www.leaders.com.tn\/article\/33251-ahmed-ounaies-la-guerre-d-ukraine-et-l-ordre-mondial\">Cliquez ici pour lire l&rsquo;article depuis sa source.<\/a><\/p>\n","protected":false},"excerpt":{"rendered":"<p>La guerre d\u2019Ukraine nous interpelle. Elle pose cr\u00fbment le probl\u00e8me du maintien de la paix et de la s\u00e9curit\u00e9 en Europe. Nous r\u00e9alisons \u00e0 vif que l\u2019ordre de s\u00e9curit\u00e9 europ\u00e9en est pr\u00e9caire, que la diplomatie est impuissante \u00e0 endiguer les forces de guerre et que l\u2019\u00e8re de paix promise par la Charte des Nations Unies, [&hellip;]<\/p>\n","protected":false},"author":1772,"featured_media":0,"comment_status":"closed","ping_status":"closed","sticky":false,"template":"","format":"standard","meta":{"fifu_image_url":"http:\/\/www.leaders.com.tn\/uploads\/content\/thumbnails_small\/1650036787_article.jpg","fifu_image_alt":"Ahmed Ouna\u00efes: La guerre d\u2019Ukraine et l\u2019ordre mondial","footnotes":""},"categories":[73,55],"tags":[],"class_list":["post-145585","post","type-post","status-publish","format-standard","hentry","category-actualite","category-tunisie"],"_links":{"self":[{"href":"https:\/\/linitiative.ca\/International\/wp-json\/wp\/v2\/posts\/145585","targetHints":{"allow":["GET"]}}],"collection":[{"href":"https:\/\/linitiative.ca\/International\/wp-json\/wp\/v2\/posts"}],"about":[{"href":"https:\/\/linitiative.ca\/International\/wp-json\/wp\/v2\/types\/post"}],"author":[{"embeddable":true,"href":"https:\/\/linitiative.ca\/International\/wp-json\/wp\/v2\/users\/1772"}],"replies":[{"embeddable":true,"href":"https:\/\/linitiative.ca\/International\/wp-json\/wp\/v2\/comments?post=145585"}],"version-history":[{"count":0,"href":"https:\/\/linitiative.ca\/International\/wp-json\/wp\/v2\/posts\/145585\/revisions"}],"wp:attachment":[{"href":"https:\/\/linitiative.ca\/International\/wp-json\/wp\/v2\/media?parent=145585"}],"wp:term":[{"taxonomy":"category","embeddable":true,"href":"https:\/\/linitiative.ca\/International\/wp-json\/wp\/v2\/categories?post=145585"},{"taxonomy":"post_tag","embeddable":true,"href":"https:\/\/linitiative.ca\/International\/wp-json\/wp\/v2\/tags?post=145585"}],"curies":[{"name":"wp","href":"https:\/\/api.w.org\/{rel}","templated":true}]}}