{"id":145587,"date":"2022-04-14T19:08:44","date_gmt":"2022-04-14T23:08:44","guid":{"rendered":"https:\/\/linitiative.ca\/International\/les-agriculteurs-face-a-lenvolee-du-prix-du-film-agricole\/"},"modified":"2022-04-14T19:08:44","modified_gmt":"2022-04-14T23:08:44","slug":"les-agriculteurs-face-a-lenvolee-du-prix-du-film-agricole","status":"publish","type":"post","link":"https:\/\/linitiative.ca\/International\/les-agriculteurs-face-a-lenvolee-du-prix-du-film-agricole\/","title":{"rendered":"Les agriculteurs face \u00e0 l\u2019envol\u00e9e du prix du film agricole"},"content":{"rendered":"<div><img decoding=\"async\" width=\"614\" height=\"493\" src=\"https:\/\/linitiative.ca\/International\/wp-content\/uploads\/sites\/23\/2022\/04\/film-agricole.jpg\" class=\"attachment-post-thumbnail size-post-thumbnail wp-post-image\" alt=\"\" loading=\"lazy\" srcset=\"https:\/\/linitiative.ca\/International\/wp-content\/uploads\/sites\/23\/2022\/04\/film-agricole.jpg 614w, https:\/\/www.challenge.ma\/wp-content\/uploads\/2022\/04\/film-agricole-300x241.jpg 300w, https:\/\/www.challenge.ma\/wp-content\/uploads\/2022\/04\/film-agricole-360x289.jpg 360w\" sizes=\"auto, (max-width: 614px) 100vw, 614px\" itemprop=\"image\">Les agriculteurs vivent l\u2019une des saisons agricoles les plus terribles depuis de longues ann\u00e9es. En effet, outre la s\u00e9cheresse qui va affecter implacablement plusieurs cultures malgr\u00e9 les pluies tardives de fin mars et ce d\u00e9but de Ramadan, le rench\u00e9rissement des carburants qui ob\u00e8re le co\u00fbt de transport des r\u00e9coltes et<\/div>\n<p>Auteur: Adama Sylla<br \/>\n<a href=\"https:\/\/www.challenge.ma\/les-agriculteurs-face-a-lenvolee-du-prix-du-film-agricole-236448\/\">Cliquez ici pour lire l&rsquo;article depuis sa source.<\/a><\/p>\n","protected":false},"excerpt":{"rendered":"<p>Les agriculteurs vivent l\u2019une des saisons agricoles les plus terribles depuis de longues ann\u00e9es. En effet, outre la s\u00e9cheresse qui va affecter implacablement plusieurs cultures malgr\u00e9 les pluies tardives de fin mars et ce d\u00e9but de Ramadan, le rench\u00e9rissement des carburants qui ob\u00e8re le co\u00fbt de transport des r\u00e9coltes et Auteur: Adama Sylla Cliquez ici [&hellip;]<\/p>\n","protected":false},"author":1787,"featured_media":0,"comment_status":"closed","ping_status":"closed","sticky":false,"template":"","format":"standard","meta":{"fifu_image_url":"https:\/\/www.challenge.ma\/wp-content\/uploads\/2022\/04\/film-agricole.jpg","fifu_image_alt":"Les agriculteurs face \u00e0 l\u2019envol\u00e9e du prix du film agricole","footnotes":""},"categories":[78,54],"tags":[],"class_list":["post-145587","post","type-post","status-publish","format-standard","hentry","category-economie","category-maroc"],"_links":{"self":[{"href":"https:\/\/linitiative.ca\/International\/wp-json\/wp\/v2\/posts\/145587","targetHints":{"allow":["GET"]}}],"collection":[{"href":"https:\/\/linitiative.ca\/International\/wp-json\/wp\/v2\/posts"}],"about":[{"href":"https:\/\/linitiative.ca\/International\/wp-json\/wp\/v2\/types\/post"}],"author":[{"embeddable":true,"href":"https:\/\/linitiative.ca\/International\/wp-json\/wp\/v2\/users\/1787"}],"replies":[{"embeddable":true,"href":"https:\/\/linitiative.ca\/International\/wp-json\/wp\/v2\/comments?post=145587"}],"version-history":[{"count":0,"href":"https:\/\/linitiative.ca\/International\/wp-json\/wp\/v2\/posts\/145587\/revisions"}],"wp:attachment":[{"href":"https:\/\/linitiative.ca\/International\/wp-json\/wp\/v2\/media?parent=145587"}],"wp:term":[{"taxonomy":"category","embeddable":true,"href":"https:\/\/linitiative.ca\/International\/wp-json\/wp\/v2\/categories?post=145587"},{"taxonomy":"post_tag","embeddable":true,"href":"https:\/\/linitiative.ca\/International\/wp-json\/wp\/v2\/tags?post=145587"}],"curies":[{"name":"wp","href":"https:\/\/api.w.org\/{rel}","templated":true}]}}