{"id":14559,"date":"2019-02-15T11:30:00","date_gmt":"2019-02-15T16:30:00","guid":{"rendered":"https:\/\/linitiative.ca\/International\/il-a-ete-nomme-ministre-detat-conseiller-diplomatique-aupres-du-president-retour-de-ramtane-lamamra\/"},"modified":"2019-02-15T11:30:00","modified_gmt":"2019-02-15T16:30:00","slug":"il-a-ete-nomme-ministre-detat-conseiller-diplomatique-aupres-du-president-retour-de-ramtane-lamamra","status":"publish","type":"post","link":"https:\/\/linitiative.ca\/International\/il-a-ete-nomme-ministre-detat-conseiller-diplomatique-aupres-du-president-retour-de-ramtane-lamamra\/","title":{"rendered":"IL A ETE NOMME MINISTRE D&rsquo;ETAT, CONSEILLER DIPLOMATIQUE AUPRES DU PRESIDENT : Retour de Ramtane Lamamra"},"content":{"rendered":"<p><br id=\"sep_para_1\" class=\"sep_para access\"\/><\/p>\n<div id=\"para_1\" class=\"para_29236734 resize\">\n<div class=\"photo shadow left\"><a href=\"javascript:void(0)\" rel=\"https:\/\/www.reflexiondz.net\/photo\/art\/grande\/30757120-29236734.jpg?v=1550255032&#038;ibox\" title=\"IL A ETE NOMME MINISTRE D'ETAT, CONSEILLER DIPLOMATIQUE AUPRES DU PRESIDENT : Retour de Ramtane Lamamra\"><img decoding=\"async\" class=\"responsive c9\" src=\"https:\/\/www.reflexiondz.net\/photo\/art\/grande\/30757120-29236734.jpg?v=1550255032\" alt=\"IL A ETE NOMME MINISTRE D'ETAT, CONSEILLER DIPLOMATIQUE AUPRES DU PRESIDENT : Retour de Ramtane Lamamra\" title=\"IL A ETE NOMME MINISTRE D'ETAT, CONSEILLER DIPLOMATIQUE AUPRES DU PRESIDENT : Retour de Ramtane Lamamra\"\/><img decoding=\"async\" class=\"not-responsive\" src=\"https:\/\/www.reflexiondz.net\/photo\/art\/default\/30757120-29236734.jpg?v=1550255034\" alt=\"IL A ETE NOMME MINISTRE D'ETAT, CONSEILLER DIPLOMATIQUE AUPRES DU PRESIDENT : Retour de Ramtane Lamamra\" title=\"IL A ETE NOMME MINISTRE D'ETAT, CONSEILLER DIPLOMATIQUE AUPRES DU PRESIDENT : Retour de Ramtane Lamamra\"\/><\/a><\/div>\n<div class=\"texte access firstletter\">L&rsquo;ancien ministre des Affaires \u00e9trang\u00e8res, Ramtane Lamamra, a \u00e9t\u00e9 nomm\u00e9 ministre d&rsquo;Etat, conseiller diplomatique aupr\u00e8s du pr\u00e9sident de la R\u00e9publique, Abdelaziz Bouteflika, a indiqu\u00e9 jeudi un communiqu\u00e9 de la pr\u00e9sidence de la R\u00e9publique. Si d\u2019aucuns ont pens\u00e9 que la carri\u00e8re du diplomate s\u2019inscrivait d\u00e9sormais loin d\u2019Alger apr\u00e8s son d\u00e9part des AE, l\u2019annonce de sa nomination comme ministre d\u2019\u00c9tat conseiller diplomatique aupr\u00e8s du pr\u00e9sident de la R\u00e9publique a surpris. Au lendemain de cette annonce, beaucoup au sein du s\u00e9rail politique parient sur un retour de l\u2019ancien chef de la diplomatie au gouvernement, apr\u00e8s la pr\u00e9sidentielle.\u00a0 Durant sa longue carri\u00e8re diplomatique qu&rsquo;il avait entam\u00e9e en 1976, Lamamra (67 ans), dipl\u00f4m\u00e9 de l&rsquo;Ecole nationale d&rsquo;administration (ENA), a occup\u00e9 plusieurs postes en Alg\u00e9rie, \u00e0 l&rsquo;\u00e9tranger et au sein de plusieurs instances r\u00e9gionales et internationales. Il a \u00e9t\u00e9 ministre des Affaires \u00e9trang\u00e8res de 2013 \u00e0 2015, puis ministre d&rsquo;Etat, ministre des Affaires \u00e9trang\u00e8res et de la Coop\u00e9ration internationale de 2015 \u00e0 2017. Il a \u00e9t\u00e9 \u00e9galement Commissaire \u00e0 la Paix et \u00e0 la S\u00e9curit\u00e9 (CPS) de l&rsquo;Union africaine (2008-2013) et Secr\u00e9taire g\u00e9n\u00e9ral du minist\u00e8re des Affaires \u00e9trang\u00e8res (2005-2007). Lamamra a \u00e9t\u00e9 aussi ambassadeur de l&rsquo;Alg\u00e9rie dans plusieurs pays dont les Etats-Unis, Djibouti et l&rsquo;Ethiopie. Durant ces deux derni\u00e8res ann\u00e9es, le nouveau conseiller diplomatique aupr\u00e8s du pr\u00e9sident Bouteflika a \u00e9t\u00e9 d\u00e9sign\u00e9 membre du Haut-Comit\u00e9 consultatif de l&rsquo;ONU charg\u00e9 de la m\u00e9diation internationale, en septembre 2017, puis membre du Conseil d\u2019administration de l&rsquo;ONG International Crisis Group (ICG), bas\u00e9e \u00e0 Bruxelles (depuis juillet 2018).<\/div>\n<\/div>\n<p>Auteur: Ismain<br \/>\n<a href=\"https:\/\/www.reflexiondz.net\/IL-A-ETE-NOMME-MINISTRE-D-ETAT-CONSEILLER-DIPLOMATIQUE-AUPRES-DU-PRESIDENT-Retour-de-Ramtane-Lamamra_a54519.html\">Cliquez ici pour lire l&rsquo;article depuis sa source.<\/a><\/p>\n","protected":false},"excerpt":{"rendered":"<p>L&rsquo;ancien ministre des Affaires \u00e9trang\u00e8res, Ramtane Lamamra, a \u00e9t\u00e9 nomm\u00e9 ministre d&rsquo;Etat, conseiller diplomatique aupr\u00e8s du pr\u00e9sident de la R\u00e9publique, Abdelaziz Bouteflika, a indiqu\u00e9 jeudi un communiqu\u00e9 de la pr\u00e9sidence de la R\u00e9publique. Si d\u2019aucuns ont pens\u00e9 que la carri\u00e8re du diplomate s\u2019inscrivait d\u00e9sormais loin d\u2019Alger apr\u00e8s son d\u00e9part des AE, l\u2019annonce de sa nomination [&hellip;]<\/p>\n","protected":false},"author":1740,"featured_media":0,"comment_status":"closed","ping_status":"closed","sticky":false,"template":"","format":"standard","meta":{"fifu_image_url":"","fifu_image_alt":"","footnotes":""},"categories":[53,76],"tags":[],"class_list":["post-14559","post","type-post","status-publish","format-standard","hentry","category-algerie","category-regions"],"_links":{"self":[{"href":"https:\/\/linitiative.ca\/International\/wp-json\/wp\/v2\/posts\/14559","targetHints":{"allow":["GET"]}}],"collection":[{"href":"https:\/\/linitiative.ca\/International\/wp-json\/wp\/v2\/posts"}],"about":[{"href":"https:\/\/linitiative.ca\/International\/wp-json\/wp\/v2\/types\/post"}],"author":[{"embeddable":true,"href":"https:\/\/linitiative.ca\/International\/wp-json\/wp\/v2\/users\/1740"}],"replies":[{"embeddable":true,"href":"https:\/\/linitiative.ca\/International\/wp-json\/wp\/v2\/comments?post=14559"}],"version-history":[{"count":0,"href":"https:\/\/linitiative.ca\/International\/wp-json\/wp\/v2\/posts\/14559\/revisions"}],"wp:attachment":[{"href":"https:\/\/linitiative.ca\/International\/wp-json\/wp\/v2\/media?parent=14559"}],"wp:term":[{"taxonomy":"category","embeddable":true,"href":"https:\/\/linitiative.ca\/International\/wp-json\/wp\/v2\/categories?post=14559"},{"taxonomy":"post_tag","embeddable":true,"href":"https:\/\/linitiative.ca\/International\/wp-json\/wp\/v2\/tags?post=14559"}],"curies":[{"name":"wp","href":"https:\/\/api.w.org\/{rel}","templated":true}]}}