{"id":145591,"date":"2022-04-15T06:29:11","date_gmt":"2022-04-15T10:29:11","guid":{"rendered":"https:\/\/linitiative.ca\/International\/hors-cadre-nawal-sfendla-quitte-la-vie-de-bureau-pour-sattaquer-au-7summitschallenge\/"},"modified":"2022-04-15T06:29:11","modified_gmt":"2022-04-15T10:29:11","slug":"hors-cadre-nawal-sfendla-quitte-la-vie-de-bureau-pour-sattaquer-au-7summitschallenge","status":"publish","type":"post","link":"https:\/\/linitiative.ca\/International\/hors-cadre-nawal-sfendla-quitte-la-vie-de-bureau-pour-sattaquer-au-7summitschallenge\/","title":{"rendered":"Hors-Cadre. Nawal Sfendla quitte la vie de bureau pour s\u2019attaquer au #7summitsChallenge"},"content":{"rendered":"<div><img decoding=\"async\" width=\"1600\" height=\"1452\" src=\"https:\/\/linitiative.ca\/International\/wp-content\/uploads\/sites\/23\/2022\/04\/nawal-sfendla-1.jpeg\" class=\"attachment-post-thumbnail size-post-thumbnail wp-post-image\" alt=\"\" loading=\"lazy\" srcset=\"https:\/\/linitiative.ca\/International\/wp-content\/uploads\/sites\/23\/2022\/04\/nawal-sfendla-1.jpeg 1600w, https:\/\/www.challenge.ma\/wp-content\/uploads\/2022\/04\/nawal-sfendla-1-300x272.jpeg 300w, https:\/\/www.challenge.ma\/wp-content\/uploads\/2022\/04\/nawal-sfendla-1-1024x929.jpeg 1024w, https:\/\/www.challenge.ma\/wp-content\/uploads\/2022\/04\/nawal-sfendla-1-768x697.jpeg 768w, https:\/\/www.challenge.ma\/wp-content\/uploads\/2022\/04\/nawal-sfendla-1-1536x1394.jpeg 1536w, https:\/\/www.challenge.ma\/wp-content\/uploads\/2022\/04\/nawal-sfendla-1-360x327.jpeg 360w, https:\/\/www.challenge.ma\/wp-content\/uploads\/2022\/04\/nawal-sfendla-1-750x681.jpeg 750w\" sizes=\"auto, (max-width: 1600px) 100vw, 1600px\" itemprop=\"image\">Hors-Cadre est un nouveau concept lanc\u00e9 par Challenge Maroc pour mettre en exergue le parcours exceptionnel d\u2019hommes et de femmes qui ont d\u00e9cid\u00e9 de vivre hors-cadre et de se d\u00e9faire d\u2019une vie\u00a0pr\u00e9-configur\u00e9e\u00a0par la soci\u00e9t\u00e9 en choisissant leur propre voie.\u00a0Nawal\u00a0Sfendla\u00a0a trac\u00e9 son chemin en hauteur \u00e0 travers les plus hauts sommets<\/div>\n<p>Auteur: Azeroual Siham<br \/>\n<a href=\"https:\/\/www.challenge.ma\/hors-cadre-nawal-sfendla-quitte-la-vie-de-bureau-pour-sattaquer-au-7summitschallenge-236759\/\">Cliquez ici pour lire l&rsquo;article depuis sa source.<\/a><\/p>\n","protected":false},"excerpt":{"rendered":"<p>Hors-Cadre est un nouveau concept lanc\u00e9 par Challenge Maroc pour mettre en exergue le parcours exceptionnel d\u2019hommes et de femmes qui ont d\u00e9cid\u00e9 de vivre hors-cadre et de se d\u00e9faire d\u2019une vie\u00a0pr\u00e9-configur\u00e9e\u00a0par la soci\u00e9t\u00e9 en choisissant leur propre voie.\u00a0Nawal\u00a0Sfendla\u00a0a trac\u00e9 son chemin en hauteur \u00e0 travers les plus hauts sommets Auteur: Azeroual Siham Cliquez ici [&hellip;]<\/p>\n","protected":false},"author":1787,"featured_media":0,"comment_status":"closed","ping_status":"closed","sticky":false,"template":"","format":"standard","meta":{"fifu_image_url":"https:\/\/www.challenge.ma\/wp-content\/uploads\/2022\/04\/nawal-sfendla-1.jpeg","fifu_image_alt":"Hors-Cadre. Nawal Sfendla quitte la vie de bureau pour s\u2019attaquer au #7summitsChallenge","footnotes":""},"categories":[78,54],"tags":[],"class_list":["post-145591","post","type-post","status-publish","format-standard","hentry","category-economie","category-maroc"],"_links":{"self":[{"href":"https:\/\/linitiative.ca\/International\/wp-json\/wp\/v2\/posts\/145591","targetHints":{"allow":["GET"]}}],"collection":[{"href":"https:\/\/linitiative.ca\/International\/wp-json\/wp\/v2\/posts"}],"about":[{"href":"https:\/\/linitiative.ca\/International\/wp-json\/wp\/v2\/types\/post"}],"author":[{"embeddable":true,"href":"https:\/\/linitiative.ca\/International\/wp-json\/wp\/v2\/users\/1787"}],"replies":[{"embeddable":true,"href":"https:\/\/linitiative.ca\/International\/wp-json\/wp\/v2\/comments?post=145591"}],"version-history":[{"count":0,"href":"https:\/\/linitiative.ca\/International\/wp-json\/wp\/v2\/posts\/145591\/revisions"}],"wp:attachment":[{"href":"https:\/\/linitiative.ca\/International\/wp-json\/wp\/v2\/media?parent=145591"}],"wp:term":[{"taxonomy":"category","embeddable":true,"href":"https:\/\/linitiative.ca\/International\/wp-json\/wp\/v2\/categories?post=145591"},{"taxonomy":"post_tag","embeddable":true,"href":"https:\/\/linitiative.ca\/International\/wp-json\/wp\/v2\/tags?post=145591"}],"curies":[{"name":"wp","href":"https:\/\/api.w.org\/{rel}","templated":true}]}}