{"id":14560,"date":"2019-02-15T11:30:00","date_gmt":"2019-02-15T16:30:00","guid":{"rendered":"https:\/\/linitiative.ca\/International\/flambee-des-prix-de-fruits-et-legumes-une-mercuriale-en-folie\/"},"modified":"2019-02-15T11:30:00","modified_gmt":"2019-02-15T16:30:00","slug":"flambee-des-prix-de-fruits-et-legumes-une-mercuriale-en-folie","status":"publish","type":"post","link":"https:\/\/linitiative.ca\/International\/flambee-des-prix-de-fruits-et-legumes-une-mercuriale-en-folie\/","title":{"rendered":"FLAMBEE DES PRIX DE FRUITS ET LEGUMES : Une mercuriale en folie !"},"content":{"rendered":"<p><br id=\"sep_para_1\" class=\"sep_para access\"\/><\/p>\n<div id=\"para_1\" class=\"para_29236718 resize\">\n<div class=\"texte access firstletter\">Les consommateurs se plaignent de la chert\u00e9 des prix des fruits et l\u00e9gumes. Les marchands de d\u00e9tails\u00a0 des produits agricoles imputent\u00a0 cette augmentation aux grossistes. Ces derniers se justifient par\u00a0 les derni\u00e8res pr\u00e9cipitations\u00a0 et les variations climatiques sous pr\u00e9texte que la structure du sol est encore boueuse et\u00a0 ne nous permettra pas de r\u00e9colter les fruits et l\u00e9gumes.\u00a0 Cependant, tous les produits sont hors prix, la pomme de terre est pass\u00e9e de 30 da \u00e0 50 et 60 da le kg, la viande ovine,\u00a0 1500 da, les haricots verts 250 da, artichauts 70 da, petits pois 100 da, oignons 50 da, courgette 150 da, l\u2019ail\u00a0 400 da, salade 90 da, tomate 120 da, concombre et aubergine 100 da le kg, orange\u00a0 entre 100 et 120 da et\u00a0 pomme entre 250 et 300 da le kg sans pour autant ajouter, les factures de l\u2019eau potable,\u00a0 de l\u2019\u00e9lectricit\u00e9 et de gaz naturel. Cette flamb\u00e9e des prix est due \u00e0 la demande croissante alors que l\u2019offre reste insuffisante et insatisfaite, selon eux. Cette situation sociale laisse les smicards perplexes\u00a0 et\u00a0 d\u00e9sorient\u00e9s par la faiblesse des revenus mensuels et des pensions de retraite pour certains.\u00a0\u00a0\u00a0<\/div>\n<\/div>\n<p>Auteur: G.Yacine<br \/>\n<a href=\"https:\/\/www.reflexiondz.net\/FLAMBEE-DES-PRIX-DE-FRUITS-ET-LEGUMES-Une-mercuriale-en-folie-_a54518.html\">Cliquez ici pour lire l&rsquo;article depuis sa source.<\/a><\/p>\n","protected":false},"excerpt":{"rendered":"<p>Les consommateurs se plaignent de la chert\u00e9 des prix des fruits et l\u00e9gumes. Les marchands de d\u00e9tails\u00a0 des produits agricoles imputent\u00a0 cette augmentation aux grossistes. Ces derniers se justifient par\u00a0 les derni\u00e8res pr\u00e9cipitations\u00a0 et les variations climatiques sous pr\u00e9texte que la structure du sol est encore boueuse et\u00a0 ne nous permettra pas de r\u00e9colter les [&hellip;]<\/p>\n","protected":false},"author":1740,"featured_media":0,"comment_status":"closed","ping_status":"closed","sticky":false,"template":"","format":"standard","meta":{"fifu_image_url":"","fifu_image_alt":"","footnotes":""},"categories":[53,76],"tags":[],"class_list":["post-14560","post","type-post","status-publish","format-standard","hentry","category-algerie","category-regions"],"_links":{"self":[{"href":"https:\/\/linitiative.ca\/International\/wp-json\/wp\/v2\/posts\/14560","targetHints":{"allow":["GET"]}}],"collection":[{"href":"https:\/\/linitiative.ca\/International\/wp-json\/wp\/v2\/posts"}],"about":[{"href":"https:\/\/linitiative.ca\/International\/wp-json\/wp\/v2\/types\/post"}],"author":[{"embeddable":true,"href":"https:\/\/linitiative.ca\/International\/wp-json\/wp\/v2\/users\/1740"}],"replies":[{"embeddable":true,"href":"https:\/\/linitiative.ca\/International\/wp-json\/wp\/v2\/comments?post=14560"}],"version-history":[{"count":0,"href":"https:\/\/linitiative.ca\/International\/wp-json\/wp\/v2\/posts\/14560\/revisions"}],"wp:attachment":[{"href":"https:\/\/linitiative.ca\/International\/wp-json\/wp\/v2\/media?parent=14560"}],"wp:term":[{"taxonomy":"category","embeddable":true,"href":"https:\/\/linitiative.ca\/International\/wp-json\/wp\/v2\/categories?post=14560"},{"taxonomy":"post_tag","embeddable":true,"href":"https:\/\/linitiative.ca\/International\/wp-json\/wp\/v2\/tags?post=14560"}],"curies":[{"name":"wp","href":"https:\/\/api.w.org\/{rel}","templated":true}]}}